{"id":418461,"date":"2016-08-17T12:16:23","date_gmt":"2016-08-17T17:16:23","guid":{"rendered":"https:\/\/www.futboltotal.com.mx\/?p=418461"},"modified":"2016-08-17T17:09:10","modified_gmt":"2016-08-17T22:09:10","slug":"neymar-firma-el-gol-mas-rapido-en-juegos-olimpicos","status":"publish","type":"post","link":"http:\/\/desarrollo.grupomedios.com\/futbol\/futbol-internacional\/neymar-firma-el-gol-mas-rapido-en-juegos-olimpicos\/2016\/08","title":{"rendered":"Neymar firma el gol m\u00e1s r\u00e1pido en JJOO"},"content":{"rendered":"<p>El brasile\u00f1o <strong>Neymar<\/strong>\u00a0inscribi\u00f3 su nombre en el libro de r\u00e9cords de los Juegos Ol\u00edmpicos. El delantero de la <em>Canarinha<\/em>\u00a0consigui\u00f3 el gol m\u00e1s r\u00e1pido en la historia de la justa en el duelo de Semifinales ante Honduras y con ello encarril\u00f3 la victoria 3-0 con la que <strong>Brasil<\/strong>\u00a0mantiene el sue\u00f1o dorado de ganar, por primera vez, la medalla de oro en la magna justa del deporte.<\/p>\n<p style=\"text-align: center;\"><span style=\"color: #3366ff;\"><strong><a style=\"color: #3366ff;\" href=\"https:\/\/www.futboltotal.com.mx\/2016\/08\/en-vivo-brasil-vs-honduras\/\">LEER M\u00c1S: EN VIVO | Brasil 3-0 Honduras | Juegos Ol\u00edmpicos<\/a><\/strong><\/span><\/p>\n<blockquote class=\"twitter-tweet\" data-lang=\"es\">\n<p dir=\"ltr\" lang=\"es\">[ Neymar ] hace el gol m\u00e1s r\u00e1pido en la historia de los <a href=\"https:\/\/twitter.com\/hashtag\/JuegosOlimpicos?src=hash\">#JuegosOlimpicos<\/a> \u26bd\ufe0f<br \/>\n| <a href=\"https:\/\/twitter.com\/hashtag\/Rio2016?src=hash\">#Rio2016<\/a> <a href=\"https:\/\/twitter.com\/hashtag\/JJOO?src=hash\">#JJOO<\/a> <a href=\"https:\/\/twitter.com\/hashtag\/Neymar?src=hash\">#Neymar<\/a> <a href=\"https:\/\/twitter.com\/hashtag\/Brasil?src=hash\">#Brasil<\/a> <a href=\"https:\/\/t.co\/8SFlgioIX0\">pic.twitter.com\/8SFlgioIX0<\/a><\/p>\n<p>\u2014 Chilena Mx (@chilenamx) <a href=\"https:\/\/twitter.com\/chilenamx\/status\/765956686225866753\">17 de agosto de 2016<\/a><\/p><\/blockquote>\n<p><script src=\"\/\/platform.twitter.com\/widgets.js\" async=\"\" charset=\"utf-8\"><\/script><\/p>\n<p style=\"text-align: left;\">Aun con el eco del pitazo inicial, <strong>Neymar Jr.<\/strong>\u00a0presion\u00f3 en la salida al cuadro <em>catracho <\/em>y consigui\u00f3 recuperar el esf\u00e9rico fuera del \u00e1rea; en cuanto lo hizo el portero hondure\u00f1o Luis L\u00f3pez sali\u00f3 para tratar de incomodarlo en el remate, pero el brasile\u00f1o alcanz\u00f3 a puntear el esf\u00e9rico y destap\u00f3\u00a0el marcador con solo 15 segundos en la pizarra.<\/p>\n<p style=\"text-align: left;\">Con<strong>\u00a0<\/strong>este registro,<strong> Neymar Jr. <\/strong>destron\u00f3 la marca en la disciplina varonil que pertenec\u00edan al hondure\u00f1o Alberth Elis, quien en esta misma justa movi\u00f3 las redes a los 30 segundos, y del mexicano Oribe Peralta, quien lo hizo en Londres 2012. Incluso, a<em> Ney <\/em>le alcanz\u00f3 para romper el r\u00e9cord de 15 segundos de la canadiense Janine Beckie, que hizo historia tras el tanto que marc\u00f3 a los 19 segundos ante Australia en <strong>R\u00edo 2016.<\/strong><\/p>\n","protected":false},"excerpt":{"rendered":"<p>El delantero brasile\u00f1o anot\u00f3 a los 15 segundos en Semifinales ante Honduras<\/p>\n","protected":false},"author":20,"featured_media":418462,"comment_status":"closed","ping_status":"closed","sticky":false,"template":"","format":"standard","meta":[],"categories":[3839,7186,7182,7188,5951],"tags":[1911,6001,5664],"_links":{"self":[{"href":"http:\/\/desarrollo.grupomedios.com\/futbol\/wp-json\/wp\/v2\/posts\/418461"}],"collection":[{"href":"http:\/\/desarrollo.grupomedios.com\/futbol\/wp-json\/wp\/v2\/posts"}],"about":[{"href":"http:\/\/desarrollo.grupomedios.com\/futbol\/wp-json\/wp\/v2\/types\/post"}],"author":[{"embeddable":true,"href":"http:\/\/desarrollo.grupomedios.com\/futbol\/wp-json\/wp\/v2\/users\/20"}],"replies":[{"embeddable":true,"href":"http:\/\/desarrollo.grupomedios.com\/futbol\/wp-json\/wp\/v2\/comments?post=418461"}],"version-history":[{"count":0,"href":"http:\/\/desarrollo.grupomedios.com\/futbol\/wp-json\/wp\/v2\/posts\/418461\/revisions"}],"wp:featuredmedia":[{"embeddable":true,"href":"http:\/\/desarrollo.grupomedios.com\/futbol\/wp-json\/wp\/v2\/media\/418462"}],"wp:attachment":[{"href":"http:\/\/desarrollo.grupomedios.com\/futbol\/wp-json\/wp\/v2\/media?parent=418461"}],"wp:term":[{"taxonomy":"category","embeddable":true,"href":"http:\/\/desarrollo.grupomedios.com\/futbol\/wp-json\/wp\/v2\/categories?post=418461"},{"taxonomy":"post_tag","embeddable":true,"href":"http:\/\/desarrollo.grupomedios.com\/futbol\/wp-json\/wp\/v2\/tags?post=418461"}],"curies":[{"name":"wp","href":"https:\/\/api.w.org\/{rel}","templated":true}]}}