{"id":418505,"date":"2016-08-17T14:03:04","date_gmt":"2016-08-17T19:03:04","guid":{"rendered":"https:\/\/www.futboltotal.com.mx\/?p=418505"},"modified":"2016-08-17T15:52:40","modified_gmt":"2016-08-17T20:52:40","slug":"taekwondo-da-la-cara-mexico-pase-a-semifinales","status":"publish","type":"post","link":"http:\/\/desarrollo.grupomedios.com\/futbol\/juegos-olimpicos-2016\/taekwondo-da-la-cara-mexico-pase-a-semifinales\/2016\/08","title":{"rendered":"El Taekwondo da la cara por M\u00e9xico con el pase a Semifinales"},"content":{"rendered":"<p>La mexicana <strong>Itzel Manjarrez<\/strong> certific\u00f3 su presencia en las semifinales de la categor\u00eda de menos de 49 kilogramos de taekwondo en los <strong>Juegos Ol\u00edmpicos de R\u00edo 2016<\/strong> al derrotar este mi\u00e9rcoles, en su segundo compromiso sobre el tapiz verde y azul del Carioca Arena 3, a la brasile\u00f1a Iris Sing.<\/p>\n<p>Por un concluyente 14-4 resolvi\u00f3 el combate la deportista de Culiac\u00e1n, de 26 a\u00f1os y quinta preclasificada en la ciudad brasile\u00f1a, donde podr\u00e1 luchar por las medallas.<\/p>\n<p style=\"text-align: center;\"><strong><span style=\"color: #3366ff;\"><a style=\"color: #3366ff;\" href=\"https:\/\/www.futboltotal.com.mx\/2016\/08\/mexico-aspira-a-medalla-en-lanzamiento-martillo\/\" target=\"_blank\">Leer m\u00e1s: Mexicano, a la final de lanzamiento de martillo<\/a><\/span><\/strong><\/p>\n<p>Debutante en unos <strong>Juegos Ol\u00edmpicos<\/strong>, la mexicana se medir\u00e1 en semifinales con la vencedora del duelo entre la serbia Tijana Bogdanovic y la china Jingyu Wu.<\/p>\n<p>Por su parte, el mexicano <strong>Carlos Navarro<\/strong>, vigente campe\u00f3n panamericano de taekwondo, brill\u00f3 camino de las semifinales de los <strong>Juegos Ol\u00edmpicos de R\u00edo de Janeiro<\/strong> y prorrog\u00f3 el sue\u00f1o de conquistar la medalla de oro en la categor\u00eda de menos de 58 kilos con su victoria, por 8-5, ante el brasile\u00f1o Venilton Teixeira.<\/p>\n<p class=\"text\" style=\"text-align: center;\"><strong><span style=\"color: #3366ff;\"><a style=\"color: #3366ff;\" href=\"https:\/\/www.futboltotal.com.mx\/2016\/08\/resultados-brasil-6-0-honduras-juegos-olimpicos\/\" target=\"_blank\">Leer m\u00e1s: Neymar y Brasil tendr\u00e1n otra oportunidad por el oro<\/a><\/span><\/strong><\/p>\n<p class=\"text\">Aunque la afici\u00f3n mexicana fue minor\u00eda en el Carioca Arena 3, ubicado en el Parque Ol\u00edmpico de Barra, se dej\u00f3 escuchar y con su aliento acompa\u00f1\u00f3 al deportista de ciudad de Ju\u00e1rez, de 20 a\u00f1os, hasta las semifinales.<\/p>\n<p class=\"text\">En esa ronda, <strong>Carlos Navarro<\/strong> se medir\u00e1 con el vencedor del duelo entre el chino Shuai Zhao y el marroqu\u00ed Omar Hajjami.<\/p>\n","protected":false},"excerpt":{"rendered":"<p>Itzel Manjarrez y Carlos Navarro pelear\u00e1n por un lugar en la final de Taekwondo<\/p>\n","protected":false},"author":20,"featured_media":418509,"comment_status":"closed","ping_status":"closed","sticky":false,"template":"","format":"standard","meta":[],"categories":[7182,7189],"tags":[1911],"_links":{"self":[{"href":"http:\/\/desarrollo.grupomedios.com\/futbol\/wp-json\/wp\/v2\/posts\/418505"}],"collection":[{"href":"http:\/\/desarrollo.grupomedios.com\/futbol\/wp-json\/wp\/v2\/posts"}],"about":[{"href":"http:\/\/desarrollo.grupomedios.com\/futbol\/wp-json\/wp\/v2\/types\/post"}],"author":[{"embeddable":true,"href":"http:\/\/desarrollo.grupomedios.com\/futbol\/wp-json\/wp\/v2\/users\/20"}],"replies":[{"embeddable":true,"href":"http:\/\/desarrollo.grupomedios.com\/futbol\/wp-json\/wp\/v2\/comments?post=418505"}],"version-history":[{"count":0,"href":"http:\/\/desarrollo.grupomedios.com\/futbol\/wp-json\/wp\/v2\/posts\/418505\/revisions"}],"wp:featuredmedia":[{"embeddable":true,"href":"http:\/\/desarrollo.grupomedios.com\/futbol\/wp-json\/wp\/v2\/media\/418509"}],"wp:attachment":[{"href":"http:\/\/desarrollo.grupomedios.com\/futbol\/wp-json\/wp\/v2\/media?parent=418505"}],"wp:term":[{"taxonomy":"category","embeddable":true,"href":"http:\/\/desarrollo.grupomedios.com\/futbol\/wp-json\/wp\/v2\/categories?post=418505"},{"taxonomy":"post_tag","embeddable":true,"href":"http:\/\/desarrollo.grupomedios.com\/futbol\/wp-json\/wp\/v2\/tags?post=418505"}],"curies":[{"name":"wp","href":"https:\/\/api.w.org\/{rel}","templated":true}]}}