{"id":418556,"date":"2016-08-17T15:31:44","date_gmt":"2016-08-17T20:31:44","guid":{"rendered":"https:\/\/www.futboltotal.com.mx\/?p=418556"},"modified":"2016-08-17T15:32:28","modified_gmt":"2016-08-17T20:32:28","slug":"rompen-record-usain-bolt","status":"publish","type":"post","link":"http:\/\/desarrollo.grupomedios.com\/futbol\/videos\/rompen-record-usain-bolt\/2016\/08","title":{"rendered":"\u00a1Rompen r\u00e9cord de Usain Bolt! Pero&#8230;"},"content":{"rendered":"<p>Durante una de las competencias en las que particip\u00f3 <strong>Usain Bolt<\/strong> en los <strong>Juegos Ol\u00edmpicos de R\u00edo de Janeiro<\/strong>, un aficionado se grab\u00f3 desde su casa, para demostrar que era m\u00e1s r\u00e1pido que el velocista; sin embargo, su rapidez no consist\u00eda con correr, sino en realizar algo mucho m\u00e1s dif\u00edcil: armar un cubo de rubik.<\/p>\n<p style=\"text-align: center;\"><span style=\"color: #3366ff;\"><a style=\"color: #3366ff;\" href=\"https:\/\/www.futboltotal.com.mx\/2016\/08\/usain-botl-gana-medalla-en-rio-2016\/\" target=\"_blank\"><strong>LEER M\u00c1S: Usain Bolt hace historia en R\u00edo<\/strong><\/a><\/span><\/p>\n<p><iframe loading=\"lazy\" src=\"https:\/\/www.youtube.com\/embed\/8ePDE4Q2_g8\" frameborder=\"0\" allowfullscreen=\"allowfullscreen\"><\/iframe><\/p>\n","protected":false},"excerpt":{"rendered":"<p>Un aficionado demostr\u00f3 ser m\u00e1s veloz que el jamaiquino<\/p>\n","protected":false},"author":20,"featured_media":418558,"comment_status":"closed","ping_status":"closed","sticky":false,"template":"","format":"standard","meta":[],"categories":[5419,7182,5418,6411,4],"tags":[5460,1793],"_links":{"self":[{"href":"http:\/\/desarrollo.grupomedios.com\/futbol\/wp-json\/wp\/v2\/posts\/418556"}],"collection":[{"href":"http:\/\/desarrollo.grupomedios.com\/futbol\/wp-json\/wp\/v2\/posts"}],"about":[{"href":"http:\/\/desarrollo.grupomedios.com\/futbol\/wp-json\/wp\/v2\/types\/post"}],"author":[{"embeddable":true,"href":"http:\/\/desarrollo.grupomedios.com\/futbol\/wp-json\/wp\/v2\/users\/20"}],"replies":[{"embeddable":true,"href":"http:\/\/desarrollo.grupomedios.com\/futbol\/wp-json\/wp\/v2\/comments?post=418556"}],"version-history":[{"count":0,"href":"http:\/\/desarrollo.grupomedios.com\/futbol\/wp-json\/wp\/v2\/posts\/418556\/revisions"}],"wp:featuredmedia":[{"embeddable":true,"href":"http:\/\/desarrollo.grupomedios.com\/futbol\/wp-json\/wp\/v2\/media\/418558"}],"wp:attachment":[{"href":"http:\/\/desarrollo.grupomedios.com\/futbol\/wp-json\/wp\/v2\/media?parent=418556"}],"wp:term":[{"taxonomy":"category","embeddable":true,"href":"http:\/\/desarrollo.grupomedios.com\/futbol\/wp-json\/wp\/v2\/categories?post=418556"},{"taxonomy":"post_tag","embeddable":true,"href":"http:\/\/desarrollo.grupomedios.com\/futbol\/wp-json\/wp\/v2\/tags?post=418556"}],"curies":[{"name":"wp","href":"https:\/\/api.w.org\/{rel}","templated":true}]}}