{"id":418606,"date":"2016-08-17T18:16:55","date_gmt":"2016-08-17T23:16:55","guid":{"rendered":"https:\/\/www.futboltotal.com.mx\/?p=418606"},"modified":"2016-08-17T18:25:02","modified_gmt":"2016-08-17T23:25:02","slug":"comentarista-fox-sports-tunde-a-villamelones-mexicanos","status":"publish","type":"post","link":"http:\/\/desarrollo.grupomedios.com\/futbol\/cambio-de-juego\/comentarista-fox-sports-tunde-a-villamelones-mexicanos\/2016\/08","title":{"rendered":"Comentarista de Fox Sports tunde a villamelones mexicanos"},"content":{"rendered":"<p>El comentarista de <strong>Fox Sports<\/strong>, <strong>Jos\u00e9 Pablo Coello<\/strong>, envi\u00f3 un video de colaboraci\u00f3n para el portal <em>Referee<\/em>, donde destaca que est\u00e1 \u201chasta la mad\u2026\u201d, de todos los que critican a los atletas mexicanos en los <strong>Juegos Ol\u00edmpicos<\/strong>, pues considera que las opiniones de aficionados, prensa y \u201cpseudo-expertos\u201d, son hechos sin fundamentos.<\/p>\n<p style=\"text-align: center;\"><span style=\"color: #3366ff;\"><strong><a style=\"color: #3366ff;\" href=\"https:\/\/www.futboltotal.com.mx\/2016\/08\/domina-rating-rio-2016\/\" target=\"_blank\">LEER M\u00c1S: Qui\u00e9n se lleva el rating de JJOO en M\u00e9xico<\/a><\/strong><\/span><\/p>\n<blockquote class=\"twitter-tweet\" data-lang=\"es\">\n<p lang=\"es\" dir=\"ltr\">&quot;ESTOY HASTA LA MADRE&quot;<a href=\"https:\/\/twitter.com\/JosePabloCoello\">@JosePabloCoello<\/a> harto de que se les critique a los deportistas MX sin conocimientos! <a href=\"https:\/\/t.co\/oid4AGJrLy\">pic.twitter.com\/oid4AGJrLy<\/a><\/p>\n<p>&mdash; Referee MX (@referee_mex) <a href=\"https:\/\/twitter.com\/referee_mex\/status\/766018740223774720\">17 de agosto de 2016<\/a><\/p><\/blockquote>\n<p><script async src=\"\/\/platform.twitter.com\/widgets.js\" charset=\"utf-8\"><\/script><\/p>\n","protected":false},"excerpt":{"rendered":"<p>Est\u00e1 harto de que critiquen a delegaci\u00f3n azteca en JJOO<\/p>\n","protected":false},"author":20,"featured_media":418608,"comment_status":"closed","ping_status":"closed","sticky":false,"template":"","format":"standard","meta":[],"categories":[5419,7182],"tags":[5460,1490],"_links":{"self":[{"href":"http:\/\/desarrollo.grupomedios.com\/futbol\/wp-json\/wp\/v2\/posts\/418606"}],"collection":[{"href":"http:\/\/desarrollo.grupomedios.com\/futbol\/wp-json\/wp\/v2\/posts"}],"about":[{"href":"http:\/\/desarrollo.grupomedios.com\/futbol\/wp-json\/wp\/v2\/types\/post"}],"author":[{"embeddable":true,"href":"http:\/\/desarrollo.grupomedios.com\/futbol\/wp-json\/wp\/v2\/users\/20"}],"replies":[{"embeddable":true,"href":"http:\/\/desarrollo.grupomedios.com\/futbol\/wp-json\/wp\/v2\/comments?post=418606"}],"version-history":[{"count":0,"href":"http:\/\/desarrollo.grupomedios.com\/futbol\/wp-json\/wp\/v2\/posts\/418606\/revisions"}],"wp:featuredmedia":[{"embeddable":true,"href":"http:\/\/desarrollo.grupomedios.com\/futbol\/wp-json\/wp\/v2\/media\/418608"}],"wp:attachment":[{"href":"http:\/\/desarrollo.grupomedios.com\/futbol\/wp-json\/wp\/v2\/media?parent=418606"}],"wp:term":[{"taxonomy":"category","embeddable":true,"href":"http:\/\/desarrollo.grupomedios.com\/futbol\/wp-json\/wp\/v2\/categories?post=418606"},{"taxonomy":"post_tag","embeddable":true,"href":"http:\/\/desarrollo.grupomedios.com\/futbol\/wp-json\/wp\/v2\/tags?post=418606"}],"curies":[{"name":"wp","href":"https:\/\/api.w.org\/{rel}","templated":true}]}}