{"id":418642,"date":"2016-08-17T19:32:19","date_gmt":"2016-08-18T00:32:19","guid":{"rendered":"https:\/\/www.futboltotal.com.mx\/?p=418642"},"modified":"2016-08-17T19:32:19","modified_gmt":"2016-08-18T00:32:19","slug":"vuoso-rechaza-oferta-le-pedian-8-goles","status":"publish","type":"post","link":"http:\/\/desarrollo.grupomedios.com\/futbol\/futbol-mexicano\/vuoso-rechaza-oferta-le-pedian-8-goles\/2016\/08","title":{"rendered":"\u00bfVuoso rechaza oferta porque le ped\u00edan 8 goles?"},"content":{"rendered":"<p>Despu\u00e9s de quedar fuera de los planes del <a href=\"http:\/\/futboltotal.com.mx\/equipos\/cruz-azul\/\" target=\"_blank\"><strong>Cruz Azul<\/strong><\/a> y de no despertar inter\u00e9s en otro club de M\u00e9xico, <strong>Mat\u00edas Vuoso<\/strong> busca acomodo en el extranjero, sin embargo, llama la atenci\u00f3n que el delantero rechaz\u00f3 al <strong>Nacional<\/strong> de <strong>Uruguay<\/strong> porque le exig\u00edan ocho goles en el torneo.<\/p>\n<p>De acuerdo con el portal, <em>Pasi\u00f3n Tricolor<\/em>, el <em>Toro<\/em> se neg\u00f3 a firmar contrato por la cl\u00e1usula que le ped\u00eda tener un alto rendimiento de cara a la puerta rival.<\/p>\n<blockquote class=\"twitter-tweet\" data-lang=\"es\">\n<p dir=\"ltr\" lang=\"es\">La previa del partido vs <a href=\"https:\/\/twitter.com\/Coras_FC\">@Coras_FC<\/a> <a href=\"https:\/\/twitter.com\/hashtag\/AzulEsTodo?src=hash\">#AzulEsTodo<\/a> <a href=\"https:\/\/t.co\/sVqUym4yaQ\">pic.twitter.com\/sVqUym4yaQ<\/a><\/p>\n<p>\u2014 CRUZ AZUL FC \u00ae (@Cruz_Azul_FC) <a href=\"https:\/\/twitter.com\/Cruz_Azul_FC\/status\/766049552302571522\">17 de agosto de 2016<\/a><\/p><\/blockquote>\n<p><script async src=\"\/\/platform.twitter.com\/widgets.js\" charset=\"utf-8\"><\/script><\/p>\n<p>En ese sentido, la otra condici\u00f3n que desanim\u00f3 a <strong>Vuosos<\/strong> es que para pensar en la renovaci\u00f3n de contrato (que era por seis meses) ten\u00eda que ganarse la titularidad y disputar el 75 por ciento de los cotejos restantes hasta diciembre.<\/p>\n<p>Si algo dej\u00f3 claro el ariete, es que pese a sus 34 a\u00f1os de edad nunca se decant\u00f3 como un \u201cmat\u00f3n\u201d dentro del \u00e1rea rival.<\/p>\n<p><span style=\"color: #ff0000;\"><strong>VIDEO<\/strong>: Agenda de TV de la jornada 6<\/span><br \/>\n[video_player]https:\/\/player.vimeo.com\/external\/178959696.sd.mp4?s=ad75c8bf8eae33510bac134b1657d33f50e8b18d&amp;profile_id=165[\/video_player]<\/p>\n","protected":false},"excerpt":{"rendered":"<p>El delantero se neg\u00f3 a firmar con Nacional de Uruguay<\/p>\n","protected":false},"author":20,"featured_media":418657,"comment_status":"closed","ping_status":"closed","sticky":false,"template":"","format":"standard","meta":[],"categories":[2198,3845],"tags":[5962,331],"_links":{"self":[{"href":"http:\/\/desarrollo.grupomedios.com\/futbol\/wp-json\/wp\/v2\/posts\/418642"}],"collection":[{"href":"http:\/\/desarrollo.grupomedios.com\/futbol\/wp-json\/wp\/v2\/posts"}],"about":[{"href":"http:\/\/desarrollo.grupomedios.com\/futbol\/wp-json\/wp\/v2\/types\/post"}],"author":[{"embeddable":true,"href":"http:\/\/desarrollo.grupomedios.com\/futbol\/wp-json\/wp\/v2\/users\/20"}],"replies":[{"embeddable":true,"href":"http:\/\/desarrollo.grupomedios.com\/futbol\/wp-json\/wp\/v2\/comments?post=418642"}],"version-history":[{"count":0,"href":"http:\/\/desarrollo.grupomedios.com\/futbol\/wp-json\/wp\/v2\/posts\/418642\/revisions"}],"wp:featuredmedia":[{"embeddable":true,"href":"http:\/\/desarrollo.grupomedios.com\/futbol\/wp-json\/wp\/v2\/media\/418657"}],"wp:attachment":[{"href":"http:\/\/desarrollo.grupomedios.com\/futbol\/wp-json\/wp\/v2\/media?parent=418642"}],"wp:term":[{"taxonomy":"category","embeddable":true,"href":"http:\/\/desarrollo.grupomedios.com\/futbol\/wp-json\/wp\/v2\/categories?post=418642"},{"taxonomy":"post_tag","embeddable":true,"href":"http:\/\/desarrollo.grupomedios.com\/futbol\/wp-json\/wp\/v2\/tags?post=418642"}],"curies":[{"name":"wp","href":"https:\/\/api.w.org\/{rel}","templated":true}]}}