{"id":418837,"date":"2016-08-18T14:33:25","date_gmt":"2016-08-18T19:33:25","guid":{"rendered":"https:\/\/www.futboltotal.com.mx\/?p=418837"},"modified":"2016-08-18T14:33:43","modified_gmt":"2016-08-18T19:33:43","slug":"vergara-pide-multen-a-todos-a-chivas-tv","status":"publish","type":"post","link":"http:\/\/desarrollo.grupomedios.com\/futbol\/destacado-home\/vergara-pide-multen-a-todos-a-chivas-tv\/2016\/08","title":{"rendered":"Vergara pide que multen a todos por igual y no solo a Chivas TV"},"content":{"rendered":"<p>Desde el lanzamiento de <strong>Chivas TV<\/strong> ha sido foco de pol\u00e9mica y m\u00e1s por las fallas que usuarios han acusado en sus transmisiones. Pero para <strong>Jorge Vergara<\/strong>, esto solo es &#8220;algo de persecuci\u00f3n&#8221; para su plataforma, pues se pregunta por qu\u00e9 no han multado a otros sistemas como Sky por las fallas que presenta.<\/p>\n<blockquote><p>&#8220;S\u00ed hay un poco (de persecuci\u00f3n), yo te pongo un ejemplo: por qu\u00e9 no multan a <strong>Sky <\/strong>que se le fue la se\u00f1al 40 minutos el domingo y no pudimos ver el partido Santos vs Chivas por lluvia&#8221;, coment\u00f3.<\/p><\/blockquote>\n<blockquote class=\"twitter-tweet\" data-lang=\"es\">\n<p dir=\"ltr\" lang=\"es\">69 modelos para cubrir eso que te hace pensar con pasi\u00f3n <a href=\"https:\/\/twitter.com\/Chivas\">@Chivas<\/a> <a href=\"https:\/\/twitter.com\/NewEraMx\">@NewEraMx<\/a> a la venta a partir de ma\u00f1ana <a href=\"https:\/\/t.co\/9LBfB9gqjr\">pic.twitter.com\/9LBfB9gqjr<\/a><\/p>\n<p>\u2014 Jorge Vergara M. (@jorgevergara) <a href=\"https:\/\/twitter.com\/jorgevergara\/status\/766074666800730112\">18 de agosto de 2016<\/a><\/p><\/blockquote>\n<p style=\"text-align: center;\"><script async src=\"\/\/platform.twitter.com\/widgets.js\" charset=\"utf-8\"><\/script><span style=\"color: #3366ff;\"><strong><a style=\"color: #3366ff;\" href=\"https:\/\/www.futboltotal.com.mx\/2016\/08\/cruz-azul-clasifica-a-octavos-copa-mx\/\" target=\"_blank\">Leer m\u00e1s: Cruz Azul clasifica a Octavos de la Copa MX<\/a><\/strong><\/span><\/p>\n<p>El dirigente de las <strong>Chivas<\/strong> tambi\u00e9n afirm\u00f3 que no han recibido denuncias por parte de los usuarios por las fallas de <strong>Chivas TV<\/strong>, por lo que pidi\u00f3 que a todos se les trate de forma similar y que &#8220;la ley sea pareja para todos&#8221;.<\/p>\n<blockquote><p>&#8220;No hay ninguna denuncia de ning\u00fan usuario, se lo est\u00e1n aventando de u\u00f1a, se est\u00e1n dejando influenciar por las redes sociales. Que no le hagan al cuento, que la ley sea pareja para todos&#8221; dijo Vergara.<\/p><\/blockquote>\n<p>Debido a las constantes fallas que denunciaron durante los primeros partidos del\u00a0<em>Reba\u00f1o Sagrado<\/em>, el \u00faltimo partido que disputaron las <strong>Chivas<\/strong> frente al Quer\u00e9taro, la directiva decidi\u00f3 poner gratis el partido, pues semanas antes hab\u00edan recibido una llamada de atenci\u00f3n\u00a0por parte de la Profeco.<\/p>\n","protected":false},"excerpt":{"rendered":"<p>Vergara critic\u00f3 al sistema de televisi\u00f3n por cable<\/p>\n","protected":false},"author":20,"featured_media":418838,"comment_status":"closed","ping_status":"closed","sticky":false,"template":"","format":"standard","meta":[],"categories":[5,2198,3845],"tags":[],"_links":{"self":[{"href":"http:\/\/desarrollo.grupomedios.com\/futbol\/wp-json\/wp\/v2\/posts\/418837"}],"collection":[{"href":"http:\/\/desarrollo.grupomedios.com\/futbol\/wp-json\/wp\/v2\/posts"}],"about":[{"href":"http:\/\/desarrollo.grupomedios.com\/futbol\/wp-json\/wp\/v2\/types\/post"}],"author":[{"embeddable":true,"href":"http:\/\/desarrollo.grupomedios.com\/futbol\/wp-json\/wp\/v2\/users\/20"}],"replies":[{"embeddable":true,"href":"http:\/\/desarrollo.grupomedios.com\/futbol\/wp-json\/wp\/v2\/comments?post=418837"}],"version-history":[{"count":0,"href":"http:\/\/desarrollo.grupomedios.com\/futbol\/wp-json\/wp\/v2\/posts\/418837\/revisions"}],"wp:featuredmedia":[{"embeddable":true,"href":"http:\/\/desarrollo.grupomedios.com\/futbol\/wp-json\/wp\/v2\/media\/418838"}],"wp:attachment":[{"href":"http:\/\/desarrollo.grupomedios.com\/futbol\/wp-json\/wp\/v2\/media?parent=418837"}],"wp:term":[{"taxonomy":"category","embeddable":true,"href":"http:\/\/desarrollo.grupomedios.com\/futbol\/wp-json\/wp\/v2\/categories?post=418837"},{"taxonomy":"post_tag","embeddable":true,"href":"http:\/\/desarrollo.grupomedios.com\/futbol\/wp-json\/wp\/v2\/tags?post=418837"}],"curies":[{"name":"wp","href":"https:\/\/api.w.org\/{rel}","templated":true}]}}