{"id":418843,"date":"2016-08-18T14:34:14","date_gmt":"2016-08-18T19:34:14","guid":{"rendered":"https:\/\/www.futboltotal.com.mx\/?p=418843"},"modified":"2016-08-18T18:17:11","modified_gmt":"2016-08-18T23:17:11","slug":"paola-espinosa-a-la-final-clavados","status":"publish","type":"post","link":"http:\/\/desarrollo.grupomedios.com\/futbol\/juegos-olimpicos-2016\/paola-espinosa-a-la-final-clavados\/2016\/08","title":{"rendered":"Paola Espinosa&#8230; \u00a1A la final de clavados!"},"content":{"rendered":"<p>La clavadista mexicana <strong>Paola Espinosa<\/strong> logr\u00f3 este jueves un boleto para la final de plataforma de 10 metros en los <strong>Juegos Ol\u00edmpicos de R\u00edo 2016<\/strong>, al situarse en posici\u00f3n 12 en semifinales. La atleta tendr\u00e1 dif\u00edcil sumar su tercera medalla ol\u00edmpica consecutiva, al realizar de forma muy irregular la serie de cinco saltos.<\/p>\n<p>Como ya sucedi\u00f3 el mi\u00e9rcoles, en las preliminares, <strong>Espinosa<\/strong> tuvo altibajos en la ejecuci\u00f3n de los clavados, con puntuaciones que bajaron hasta los 43.20 puntos en el cuarto salto, que a punto estuvo de dejarla fuera.\u00a0En total sum\u00f3 306.45 puntos, lejos de los 389.30 de la china Si Yajie, la estadunidense Jessica Parratto (367.00) y la china Ren Qian (362.40).<\/p>\n<p style=\"text-align: center;\"><a href=\"https:\/\/www.futboltotal.com.mx\/juegos-olimpicos-2016\/\"><span style=\"color: #3366ff;\"><strong>LEER M\u00c1S: Todas las noticias de Juegos Ol\u00edmpicos<\/strong><\/span><\/a><\/p>\n<blockquote class=\"twitter-tweet\" data-lang=\"es\">\n<p dir=\"ltr\" lang=\"es\">\u00a1A esperar! En minutos sabremos si <a href=\"https:\/\/twitter.com\/PaolaEspinosaOf\">@PaolaEspinosaOf<\/a> accede a la final <a href=\"https:\/\/twitter.com\/hashtag\/YoElijoClaroSports?src=hash\">#YoElijoClaroSports<\/a> <a href=\"https:\/\/t.co\/JDNAhXupiT\">https:\/\/t.co\/JDNAhXupiT<\/a> <a href=\"https:\/\/t.co\/PRwUMgdmCP\">https:\/\/t.co\/PRwUMgdmCP<\/a><\/p>\n<p>\u2014 Claro Sports (@ClaroSports) <a href=\"https:\/\/twitter.com\/ClaroSports\/status\/766280141337001985\">18 de agosto de 2016<\/a><\/p><\/blockquote>\n<p><script async src=\"\/\/platform.twitter.com\/widgets.js\" charset=\"utf-8\"><\/script><\/p>\n<p>La mexicana, quien logr\u00f3 bronce en Pek\u00edn 2008 y plata en Londres 2012 en 10 metros sincronizados, estuvo a punto de quedar fuera de la final, y fue solo por 4.5 puntos de diferencia que se impuso a la estadunidense Katrina Young, decimotercera.<\/p>\n<blockquote class=\"twitter-tweet\" data-lang=\"es\">\n<p dir=\"ltr\" lang=\"es\">\u00a1Panz\u00f3! Paola Espinosa clasific\u00f3 como \u00faltima a la final de <a href=\"https:\/\/twitter.com\/hashtag\/Clavados?src=hash\">#Clavados<\/a> s\u00edguela a partir de las 14:00 hrs mex <a href=\"https:\/\/t.co\/ohW2CnnzSu\">https:\/\/t.co\/ohW2CnnzSu<\/a><\/p>\n<p>\u2014 Claro Sports (@ClaroSports) <a href=\"https:\/\/twitter.com\/ClaroSports\/status\/766283917674422272\">18 de agosto de 2016<\/a><\/p><\/blockquote>\n<p><script async src=\"\/\/platform.twitter.com\/widgets.js\" charset=\"utf-8\"><\/script><\/p>\n<p>Sexta en Londres 2012 en los 10 metros individual, la mexicana lleg\u00f3 a estar fuera de la final en el cuarto salto, pero una buena ejecuci\u00f3n en el \u00faltimo (72.00 puntos) de la experimentada atleta le vali\u00f3 el boleto de d\u00e9cima final ol\u00edmpica en cuatro Juegos.<\/p>\n<p>Pese al resultado, Espinosa dijo ser optimista respecto a mejorar su rendimiento en apenas tres horas, cuando inicia la final.<\/p>\n<p>\u201cLa medalla me la quiero regalar a m\u00ed, porque he trabajado mucho. Nadie ha estado ocho horas diarias en una alberca como yo lo estuve\u201d, se\u00f1al\u00f3 Espinosa, que pese a terminar decimotercera ayer y hoy duod\u00e9cima confi\u00f3 en luchar por la primera de M\u00e9xico en clavados en estos Juegos.<\/p>\n<p>\u201cEstoy aqu\u00ed para pelear una medalla, ese es mi objetivo. Ojal\u00e1 se me pueda dar\u201d, concluy\u00f3.<\/p>\n","protected":false},"excerpt":{"rendered":"<p>La mexicana pelear\u00e1 por una presea de oro este jueves a las 14:00 horas<\/p>\n","protected":false},"author":20,"featured_media":418844,"comment_status":"closed","ping_status":"closed","sticky":false,"template":"","format":"standard","meta":[],"categories":[7269,7185,7182],"tags":[1911,6813],"_links":{"self":[{"href":"http:\/\/desarrollo.grupomedios.com\/futbol\/wp-json\/wp\/v2\/posts\/418843"}],"collection":[{"href":"http:\/\/desarrollo.grupomedios.com\/futbol\/wp-json\/wp\/v2\/posts"}],"about":[{"href":"http:\/\/desarrollo.grupomedios.com\/futbol\/wp-json\/wp\/v2\/types\/post"}],"author":[{"embeddable":true,"href":"http:\/\/desarrollo.grupomedios.com\/futbol\/wp-json\/wp\/v2\/users\/20"}],"replies":[{"embeddable":true,"href":"http:\/\/desarrollo.grupomedios.com\/futbol\/wp-json\/wp\/v2\/comments?post=418843"}],"version-history":[{"count":0,"href":"http:\/\/desarrollo.grupomedios.com\/futbol\/wp-json\/wp\/v2\/posts\/418843\/revisions"}],"wp:featuredmedia":[{"embeddable":true,"href":"http:\/\/desarrollo.grupomedios.com\/futbol\/wp-json\/wp\/v2\/media\/418844"}],"wp:attachment":[{"href":"http:\/\/desarrollo.grupomedios.com\/futbol\/wp-json\/wp\/v2\/media?parent=418843"}],"wp:term":[{"taxonomy":"category","embeddable":true,"href":"http:\/\/desarrollo.grupomedios.com\/futbol\/wp-json\/wp\/v2\/categories?post=418843"},{"taxonomy":"post_tag","embeddable":true,"href":"http:\/\/desarrollo.grupomedios.com\/futbol\/wp-json\/wp\/v2\/tags?post=418843"}],"curies":[{"name":"wp","href":"https:\/\/api.w.org\/{rel}","templated":true}]}}