{"id":418870,"date":"2016-08-18T12:53:56","date_gmt":"2016-08-18T17:53:56","guid":{"rendered":"https:\/\/www.futboltotal.com.mx\/?p=418870"},"modified":"2016-08-18T13:01:48","modified_gmt":"2016-08-18T18:01:48","slug":"hermanos-brownlee-historia-al-conseguir-oro-plata-en-triatlon","status":"publish","type":"post","link":"http:\/\/desarrollo.grupomedios.com\/futbol\/juegos-olimpicos-2016\/hermanos-brownlee-historia-al-conseguir-oro-plata-en-triatlon\/2016\/08","title":{"rendered":"Hermanos hacen historia al conseguir oro y plata en triatl\u00f3n"},"content":{"rendered":"<p><strong>Alistair Brownlee<\/strong> revalid\u00f3 el t\u00edtulo logrado hace cuatro a\u00f1os en Londres y se convirti\u00f3 este jueves en el primer doble campe\u00f3n ol\u00edmpico de la historia del triatl\u00f3n en los <strong>Juegos Ol\u00edmpicos<\/strong> de R\u00edo de Janeiro, donde Jonathan (su hermano) agrand\u00f3 la leyenda de los hermanos ingleses.<\/p>\n<blockquote class=\"twitter-tweet\" data-lang=\"es\">\n<p dir=\"ltr\" lang=\"es\">Otra gran historia que deja <a href=\"https:\/\/twitter.com\/hashtag\/Rio2016?src=hash\">#Rio2016<\/a><br \/>\nLos hermanos Brownlee <a href=\"https:\/\/twitter.com\/hashtag\/GBR?src=hash\">#GBR<\/a> hacen el 1-2 en <a href=\"https:\/\/twitter.com\/hashtag\/Triatlon?src=hash\">#Triatlon<\/a> <a href=\"https:\/\/t.co\/V2oxAVztma\">pic.twitter.com\/V2oxAVztma<\/a><\/p>\n<p>\u2014 Rio 2016 (@rio2016_es) <a href=\"https:\/\/twitter.com\/rio2016_es\/status\/766302029396533248\">18 de agosto de 2016<\/a><\/p><\/blockquote>\n<p><script async src=\"\/\/platform.twitter.com\/widgets.js\" charset=\"utf-8\"><\/script><\/p>\n<p><strong>Alistair<\/strong>, de 28 a\u00f1os, asimismo doble campe\u00f3n mundial y triple oro europeo, efectu\u00f3 una de las m\u00e1s grandes exhibiciones que se recuerdan en los anales de este deporte y, posiblemente tambi\u00e9n en la cita ol\u00edmpica brasile\u00f1a. Confirm\u00f3 el porqu\u00e9 de su condici\u00f3n de gran favorito y lider\u00f3 de principio a fin una prueba en la que firm\u00f3 el m\u00e1s prestigioso de los dobletes junto a su hermano Jonathan, dos a\u00f1os menor.<\/p>\n<p style=\"text-align: center;\"><span style=\"color: #3366ff;\"><strong><a style=\"color: #3366ff;\" href=\"https:\/\/www.futboltotal.com.mx\/2016\/08\/paola-espinosa-a-la-final-clavados\/\" target=\"_blank\">Leer m\u00e1s: Paola Espinosa va a la final de clavados<\/a><\/strong><\/span><\/p>\n<p>Los <strong>Brownlee<\/strong> siguieron sus principios al pie de la letra. Sin desviarse ni un solo mil\u00edmetro del gui\u00f3n. Reventaron la prueba desde el pistoletazo de salida. Y, encima, encontraron la simbiosis de interesantes compa\u00f1eros de viaje.<\/p>\n<p><img decoding=\"async\" loading=\"lazy\" class=\"alignnone size-full wp-image-418884\" src=\"https:\/\/www.futboltotal.com.mx\/wp-content\/uploads\/2016\/08\/hermanos-oro-y-plata-triatlon-.jpg\" alt=\"hermanos-oro-y-plata-triatlon-\" srcset=\"http:\/\/desarrollo.grupomedios.com\/futbol\/wp-content\/uploads\/2016\/08\/hermanos-oro-y-plata-triatlon-.jpg 858w, http:\/\/desarrollo.grupomedios.com\/futbol\/wp-content\/uploads\/2016\/08\/hermanos-oro-y-plata-triatlon--300x151.jpg 300w, http:\/\/desarrollo.grupomedios.com\/futbol\/wp-content\/uploads\/2016\/08\/hermanos-oro-y-plata-triatlon--768x386.jpg 768w, http:\/\/desarrollo.grupomedios.com\/futbol\/wp-content\/uploads\/2016\/08\/hermanos-oro-y-plata-triatlon--340x171.jpg 340w\" sizes=\"(max-width: 858px) 100vw, 858px\" \/><\/p>\n","protected":false},"excerpt":{"rendered":"<p>Los Brit\u00e1nicos tomaron ventaja desde el inicio<\/p>\n","protected":false},"author":20,"featured_media":418879,"comment_status":"closed","ping_status":"closed","sticky":false,"template":"","format":"standard","meta":[],"categories":[7182,7188,7189],"tags":[1911],"_links":{"self":[{"href":"http:\/\/desarrollo.grupomedios.com\/futbol\/wp-json\/wp\/v2\/posts\/418870"}],"collection":[{"href":"http:\/\/desarrollo.grupomedios.com\/futbol\/wp-json\/wp\/v2\/posts"}],"about":[{"href":"http:\/\/desarrollo.grupomedios.com\/futbol\/wp-json\/wp\/v2\/types\/post"}],"author":[{"embeddable":true,"href":"http:\/\/desarrollo.grupomedios.com\/futbol\/wp-json\/wp\/v2\/users\/20"}],"replies":[{"embeddable":true,"href":"http:\/\/desarrollo.grupomedios.com\/futbol\/wp-json\/wp\/v2\/comments?post=418870"}],"version-history":[{"count":0,"href":"http:\/\/desarrollo.grupomedios.com\/futbol\/wp-json\/wp\/v2\/posts\/418870\/revisions"}],"wp:featuredmedia":[{"embeddable":true,"href":"http:\/\/desarrollo.grupomedios.com\/futbol\/wp-json\/wp\/v2\/media\/418879"}],"wp:attachment":[{"href":"http:\/\/desarrollo.grupomedios.com\/futbol\/wp-json\/wp\/v2\/media?parent=418870"}],"wp:term":[{"taxonomy":"category","embeddable":true,"href":"http:\/\/desarrollo.grupomedios.com\/futbol\/wp-json\/wp\/v2\/categories?post=418870"},{"taxonomy":"post_tag","embeddable":true,"href":"http:\/\/desarrollo.grupomedios.com\/futbol\/wp-json\/wp\/v2\/tags?post=418870"}],"curies":[{"name":"wp","href":"https:\/\/api.w.org\/{rel}","templated":true}]}}