{"id":419144,"date":"2016-08-18T18:15:38","date_gmt":"2016-08-18T23:15:38","guid":{"rendered":"https:\/\/www.futboltotal.com.mx\/?p=419144"},"modified":"2016-08-18T18:15:38","modified_gmt":"2016-08-18T23:15:38","slug":"moises-munoz-discute-youtuber","status":"publish","type":"post","link":"http:\/\/desarrollo.grupomedios.com\/futbol\/cambio-de-juego\/moises-munoz-discute-youtuber\/2016\/08","title":{"rendered":"Mois\u00e9s Mu\u00f1oz discute con Youtuber"},"content":{"rendered":"<p><strong>Mois\u00e9s Mu\u00f1oz<\/strong> decidi\u00f3 crear su propio canal de Youtube hace algunas semanas, raz\u00f3n por la que a inicios de agosto, <strong>El Escorpi\u00f3n Dorado<\/strong> decidi\u00f3 enviarle una fuerte indirecta al cancerbero, pues es un antiamericanista.<\/p>\n<blockquote class=\"twitter-tweet\" data-lang=\"es\">\n<p dir=\"ltr\" lang=\"es\">El pinche <a href=\"https:\/\/twitter.com\/MoyMu23\">@MoyMu23<\/a> se anda tocando viendo mis fotos. Ten\u00edas que ser del Ame<\/p>\n<p>\u2014 ESCORPION DORADO (@ESCORPIONGOLDEN) <a href=\"https:\/\/twitter.com\/ESCORPIONGOLDEN\/status\/762488892008243201\">8 de agosto de 2016<\/a><\/p><\/blockquote>\n<p><script async src=\"\/\/platform.twitter.com\/widgets.js\" charset=\"utf-8\"><\/script><\/p>\n<p>El portero del <a href=\"http:\/\/www.futboltotal.com.mx\/equipos\/america\/\" target=\"_blank\"><strong>Am\u00e9rica<\/strong><\/a> tard\u00f3 d\u00edas en ver el mensaje, pero cuando al fin lo vio decidi\u00f3 contestar, con el mismo nivel de energ\u00eda con que lo hizo Alex Montiel, hermano del <em>Werevertumorro<\/em>, mejor conocido como el <strong>Escorpi\u00f3n Dorado<\/strong>.<\/p>\n<p style=\"text-align: center;\"><span style=\"color: #3366ff;\"><a style=\"color: #3366ff;\" href=\"https:\/\/www.futboltotal.com.mx\/2016\/08\/comentarista-fox-sports-tunde-a-villamelones-mexicanos\/\" target=\"_blank\"><strong>LEER M\u00c1S: Comentarista de Fox Sports, tunde a villamelones mexicanos<\/strong><\/a><\/span><\/p>\n<blockquote class=\"twitter-tweet\" data-conversation=\"none\" data-lang=\"es\">\n<p dir=\"ltr\" lang=\"es\">Webos pinche <a href=\"https:\/\/twitter.com\/ESCORPIONGOLDEN\">@ESCORPIONGOLDEN<\/a> ponte de rodillas cuando digas &#8220;Ame&#8221; wey, jaja.<\/p>\n<p>\u2014 Moises Mu\u00f1oz (@MoyMu23) <a href=\"https:\/\/twitter.com\/MoyMu23\/status\/765931654363820032\">17 de agosto de 2016<\/a><\/p><\/blockquote>\n<p><script async src=\"\/\/platform.twitter.com\/widgets.js\" charset=\"utf-8\"><\/script><\/p>\n<p>Pero <strong>Mois\u00e9s Mu\u00f1oz<\/strong> termin\u00f3 perdiendo en la discusi\u00f3n, pues el <strong>Escorpi\u00f3n Dorado<\/strong> lo tundi\u00f3 con un comentario com\u00fanmente usado por la gente que odia al <strong>Am\u00e9rica<\/strong>.<\/p>\n<blockquote class=\"twitter-tweet\" data-conversation=\"none\" data-lang=\"es\">\n<p dir=\"ltr\" lang=\"es\">.<a href=\"https:\/\/twitter.com\/MoyMu23\">@MoyMu23<\/a> que no se pierda la bonita costumbre de decir&#8221; QUE CHINGUE SU MADRE EL AM\u00c9RICA y t\u00fa de pasadita culero ya que andas por ah\u00ed<\/p>\n<p>\u2014 ESCORPION DORADO (@ESCORPIONGOLDEN) <a href=\"https:\/\/twitter.com\/ESCORPIONGOLDEN\/status\/765981384825417728\">17 de agosto de 2016<\/a><\/p><\/blockquote>\n<p><script async src=\"\/\/platform.twitter.com\/widgets.js\" charset=\"utf-8\"><\/script><\/p>\n","protected":false},"excerpt":{"rendered":"<p>El Escorpi\u00f3n Dorado tundi\u00f3 al cancerbero<\/p>\n","protected":false},"author":20,"featured_media":419150,"comment_status":"closed","ping_status":"closed","sticky":false,"template":"","format":"standard","meta":[],"categories":[5419],"tags":[5959,635],"_links":{"self":[{"href":"http:\/\/desarrollo.grupomedios.com\/futbol\/wp-json\/wp\/v2\/posts\/419144"}],"collection":[{"href":"http:\/\/desarrollo.grupomedios.com\/futbol\/wp-json\/wp\/v2\/posts"}],"about":[{"href":"http:\/\/desarrollo.grupomedios.com\/futbol\/wp-json\/wp\/v2\/types\/post"}],"author":[{"embeddable":true,"href":"http:\/\/desarrollo.grupomedios.com\/futbol\/wp-json\/wp\/v2\/users\/20"}],"replies":[{"embeddable":true,"href":"http:\/\/desarrollo.grupomedios.com\/futbol\/wp-json\/wp\/v2\/comments?post=419144"}],"version-history":[{"count":0,"href":"http:\/\/desarrollo.grupomedios.com\/futbol\/wp-json\/wp\/v2\/posts\/419144\/revisions"}],"wp:featuredmedia":[{"embeddable":true,"href":"http:\/\/desarrollo.grupomedios.com\/futbol\/wp-json\/wp\/v2\/media\/419150"}],"wp:attachment":[{"href":"http:\/\/desarrollo.grupomedios.com\/futbol\/wp-json\/wp\/v2\/media?parent=419144"}],"wp:term":[{"taxonomy":"category","embeddable":true,"href":"http:\/\/desarrollo.grupomedios.com\/futbol\/wp-json\/wp\/v2\/categories?post=419144"},{"taxonomy":"post_tag","embeddable":true,"href":"http:\/\/desarrollo.grupomedios.com\/futbol\/wp-json\/wp\/v2\/tags?post=419144"}],"curies":[{"name":"wp","href":"https:\/\/api.w.org\/{rel}","templated":true}]}}