{"id":419198,"date":"2016-08-18T18:51:29","date_gmt":"2016-08-18T23:51:29","guid":{"rendered":"https:\/\/www.futboltotal.com.mx\/?p=419198"},"modified":"2016-08-18T18:51:29","modified_gmt":"2016-08-18T23:51:29","slug":"anibal-zurdo-jugara-en-la-india","status":"publish","type":"post","link":"http:\/\/desarrollo.grupomedios.com\/futbol\/futbol-internacional\/anibal-zurdo-jugara-en-la-india\/2016\/08","title":{"rendered":"An\u00edbal Zurdo jugar\u00e1 en la India"},"content":{"rendered":"<p>Luego de quedarse a un paso del m\u00e1ximo circuito de Espa\u00f1a, el mexicano <strong>An\u00edbal Zurdo<\/strong> probar\u00e1 suerte en una liga ex\u00f3tica como es la <strong>India<\/strong>, despu\u00e9s de firmar contrato con <strong>Pune City<\/strong>.<\/p>\n<p>El atacante que viviera un ef\u00edmero paso por Cruz Azul y Veracruz, estuvo la campa\u00f1a 2015-16 con Gimastic de Segunda Divisi\u00f3n e incluso casi consigue el ascenso.<\/p>\n<blockquote class=\"twitter-tweet\" data-lang=\"es\">\n<p dir=\"ltr\" lang=\"en\">A robust centre-forward! Welcome to FC Pune City Anibal Zurdo Rodriguez <a href=\"https:\/\/twitter.com\/hashtag\/KarPunekar?src=hash\">#KarPunekar<\/a> <a href=\"https:\/\/t.co\/Wn2Ssc1nw2\">pic.twitter.com\/Wn2Ssc1nw2<\/a><\/p>\n<p>\u2014 FC Pune City (@FCPuneCity) <a href=\"https:\/\/twitter.com\/FCPuneCity\/status\/766284581582442496\">18 de agosto de 2016<\/a><\/p><\/blockquote>\n<p><script async src=\"\/\/platform.twitter.com\/widgets.js\" charset=\"utf-8\"><\/script><\/p>\n<p>A sus 33 a\u00f1os de edad, <strong>An\u00edbal Zurdo<\/strong> ya es todo un trotaclubes, pues el <strong>Pune City<\/strong> ser\u00e1 su decimosegundo equipo. Cabe mencionar que la la Super Liga de <strong>India<\/strong> es nueva, ya que apenas debut\u00f3 en 2014.<\/p>\n","protected":false},"excerpt":{"rendered":"<p>El delantero firm\u00f3 con Pune City <\/p>\n","protected":false},"author":20,"featured_media":419200,"comment_status":"closed","ping_status":"closed","sticky":false,"template":"","format":"standard","meta":[],"categories":[3839,3844,6718],"tags":[4545],"_links":{"self":[{"href":"http:\/\/desarrollo.grupomedios.com\/futbol\/wp-json\/wp\/v2\/posts\/419198"}],"collection":[{"href":"http:\/\/desarrollo.grupomedios.com\/futbol\/wp-json\/wp\/v2\/posts"}],"about":[{"href":"http:\/\/desarrollo.grupomedios.com\/futbol\/wp-json\/wp\/v2\/types\/post"}],"author":[{"embeddable":true,"href":"http:\/\/desarrollo.grupomedios.com\/futbol\/wp-json\/wp\/v2\/users\/20"}],"replies":[{"embeddable":true,"href":"http:\/\/desarrollo.grupomedios.com\/futbol\/wp-json\/wp\/v2\/comments?post=419198"}],"version-history":[{"count":0,"href":"http:\/\/desarrollo.grupomedios.com\/futbol\/wp-json\/wp\/v2\/posts\/419198\/revisions"}],"wp:featuredmedia":[{"embeddable":true,"href":"http:\/\/desarrollo.grupomedios.com\/futbol\/wp-json\/wp\/v2\/media\/419200"}],"wp:attachment":[{"href":"http:\/\/desarrollo.grupomedios.com\/futbol\/wp-json\/wp\/v2\/media?parent=419198"}],"wp:term":[{"taxonomy":"category","embeddable":true,"href":"http:\/\/desarrollo.grupomedios.com\/futbol\/wp-json\/wp\/v2\/categories?post=419198"},{"taxonomy":"post_tag","embeddable":true,"href":"http:\/\/desarrollo.grupomedios.com\/futbol\/wp-json\/wp\/v2\/tags?post=419198"}],"curies":[{"name":"wp","href":"https:\/\/api.w.org\/{rel}","templated":true}]}}