{"id":419260,"date":"2016-08-18T20:52:31","date_gmt":"2016-08-19T01:52:31","guid":{"rendered":"https:\/\/www.futboltotal.com.mx\/?p=419260"},"modified":"2016-08-19T03:33:28","modified_gmt":"2016-08-19T08:33:28","slug":"usain-bolt-rey-los-200-metros","status":"publish","type":"post","link":"http:\/\/desarrollo.grupomedios.com\/futbol\/destacado-home\/usain-bolt-rey-los-200-metros\/2016\/08","title":{"rendered":"\u00a1Usain Bolt, rey de los 200 metros!"},"content":{"rendered":"<p>Tal y como se esperaba, el velocista jamaiquino, <strong>Usain Bolt<\/strong>, logr\u00f3 llevarse el primer lugar de los <strong>200 metros<\/strong> y as\u00ed colgarse otra <strong>medalla de Oro<\/strong> en los Juegos de <strong>R\u00edo 2016<\/strong> y consagrarse como bicampe\u00f3n ol\u00edmpico en dicha competencia.<\/p>\n<p><strong>Usain Bolt<\/strong>, de 29 a\u00f1os, logr\u00f3 hacer un tiempo de 19.79 segundos, suficiente para vencer al canadiense Andre de Grasse, y al franc\u00e9s, Christophe Lemaitre, quienes terminaron en la segunda y tercera posici\u00f3n, respectivamente. Cabe destacar, que el mejor r\u00e9cord en esta competencia, es de 19.19 segundos, tambi\u00e9n impuesto por el velocista jamaiquino.<\/p>\n<p style=\"text-align: center;\"><span style=\"color: #3366ff;\"><a style=\"color: #3366ff;\" href=\"https:\/\/www.futboltotal.com.mx\/2016\/08\/rompen-record-usain-bolt\/\" target=\"_blank\"><strong>LEER M\u00c1S: \u00bfRompen r\u00e9cord de Usain Bolt?<\/strong><\/a><\/span><\/p>\n<p>As\u00ed gan\u00f3 <strong>Usain Bolt<\/strong> el Oro en los <strong>200 metros<\/strong>:<\/p>\n<blockquote class=\"twitter-tweet\" data-lang=\"es\">\n<p dir=\"ltr\" lang=\"es\">\u00a1Bolt, siempre Bolt! 200 metros en 19.78 segundos. Ve la carrera aqu\u00ed: <a href=\"https:\/\/t.co\/UlsnUYoXjI\">https:\/\/t.co\/UlsnUYoXjI<\/a> <a href=\"https:\/\/t.co\/KSUQlccFEz\">https:\/\/t.co\/KSUQlccFEz<\/a><\/p>\n<p>\u2014 Claro Sports (@ClaroSports) <a href=\"https:\/\/twitter.com\/ClaroSports\/status\/766449802640887808\">19 de agosto de 2016<\/a><\/p><\/blockquote>\n<p><script async src=\"\/\/platform.twitter.com\/widgets.js\" charset=\"utf-8\"><\/script><\/p>\n","protected":false},"excerpt":{"rendered":"<p>El velocista jamaiquino, volvi\u00f3 a colgarse la medalla de oro en R\u00edo<\/p>\n","protected":false},"author":20,"featured_media":419254,"comment_status":"closed","ping_status":"closed","sticky":false,"template":"","format":"standard","meta":[],"categories":[7187,5,7182,7188],"tags":[1911,1793],"_links":{"self":[{"href":"http:\/\/desarrollo.grupomedios.com\/futbol\/wp-json\/wp\/v2\/posts\/419260"}],"collection":[{"href":"http:\/\/desarrollo.grupomedios.com\/futbol\/wp-json\/wp\/v2\/posts"}],"about":[{"href":"http:\/\/desarrollo.grupomedios.com\/futbol\/wp-json\/wp\/v2\/types\/post"}],"author":[{"embeddable":true,"href":"http:\/\/desarrollo.grupomedios.com\/futbol\/wp-json\/wp\/v2\/users\/20"}],"replies":[{"embeddable":true,"href":"http:\/\/desarrollo.grupomedios.com\/futbol\/wp-json\/wp\/v2\/comments?post=419260"}],"version-history":[{"count":0,"href":"http:\/\/desarrollo.grupomedios.com\/futbol\/wp-json\/wp\/v2\/posts\/419260\/revisions"}],"wp:featuredmedia":[{"embeddable":true,"href":"http:\/\/desarrollo.grupomedios.com\/futbol\/wp-json\/wp\/v2\/media\/419254"}],"wp:attachment":[{"href":"http:\/\/desarrollo.grupomedios.com\/futbol\/wp-json\/wp\/v2\/media?parent=419260"}],"wp:term":[{"taxonomy":"category","embeddable":true,"href":"http:\/\/desarrollo.grupomedios.com\/futbol\/wp-json\/wp\/v2\/categories?post=419260"},{"taxonomy":"post_tag","embeddable":true,"href":"http:\/\/desarrollo.grupomedios.com\/futbol\/wp-json\/wp\/v2\/tags?post=419260"}],"curies":[{"name":"wp","href":"https:\/\/api.w.org\/{rel}","templated":true}]}}