{"id":419474,"date":"2016-08-19T10:45:07","date_gmt":"2016-08-19T15:45:07","guid":{"rendered":"https:\/\/www.futboltotal.com.mx\/?p=419474"},"modified":"2016-08-19T13:12:43","modified_gmt":"2016-08-19T18:12:43","slug":"charlie-webster-cerca-morir-en-rio","status":"publish","type":"post","link":"http:\/\/desarrollo.grupomedios.com\/futbol\/juegos-olimpicos-2016\/charlie-webster-cerca-morir-en-rio\/2016\/08","title":{"rendered":"Charlie Webster, cerca de morir en R\u00edo"},"content":{"rendered":"<p>En el ocaso de los<strong> Juegos Ol\u00edmpicos<\/strong> se gesta una de historia de lucha incre\u00edble, m\u00e1s que por una medalla, por la vida misma. <strong>Charlie Webster<\/strong>, presentadora de televisi\u00f3n y quien acudi\u00f3 a la justa en R\u00edo de Janeiro para ejercer su labor period\u00edstica, est\u00e1 internada en un hospital a consecuencia de Malaria.<\/p>\n<p>D\u00edas antes de la inauguraci\u00f3n de la justa, <strong>Webster<\/strong>, de 33 a\u00f1os, arrib\u00f3 a R\u00edo para participar en un marat\u00f3n ben\u00e9fico para la Fundaci\u00f3n Jane Tomlinson. All\u00ed sufri\u00f3 una picadura de insecto, seg\u00fan informa el reporte m\u00e9dico citado promedios ingleses, y contrajo la enfermedad. La conductora present\u00f3 s\u00edntomas como v\u00f3mito y temperatura horas despu\u00e9s de haber acudido a la ceremonia de apertura el 5 de agosto.<\/p>\n<p style=\"text-align: center;\"><a href=\"https:\/\/www.futboltotal.com.mx\/juegos-olimpicos-2016\/\"><span style=\"color: #3366ff;\"><strong>LEER M\u00c1S: Todas las noticias de R\u00edo 2016<\/strong><\/span><\/a><\/p>\n<blockquote class=\"twitter-tweet\" data-lang=\"es\">\n<p dir=\"ltr\" lang=\"en\">6 weeks on the road ends in this. Very rough day, severe dehydration &amp; infection &#8211; 2 drips &amp; antibiotics <a href=\"https:\/\/twitter.com\/hashtag\/Rio?src=hash\">#Rio<\/a> <a href=\"https:\/\/t.co\/6tTwY99eNP\">pic.twitter.com\/6tTwY99eNP<\/a><\/p>\n<p>\u2014 Charlie Webster (@CharlieCW) <a href=\"https:\/\/twitter.com\/CharlieCW\/status\/762077541205209089\">7 de agosto de 2016<\/a><\/p><\/blockquote>\n<p><script async src=\"\/\/platform.twitter.com\/widgets.js\" charset=\"utf-8\"><\/script><br \/>\n<strong>Webster<\/strong> fue traslada al hospital y alcanz\u00f3 a publicar el 9 de agosto un mensaje en su cuenta de<em> twitter:<\/em> &#8220;Han sido unos d\u00edas terribles con infecci\u00f3n grave #R\u00edo&#8221;. Desafortunadamente dos d\u00edas despu\u00e9s qued\u00f3 inconsciente y, con el consentimiento de sus familiares, fue inducida en estado de coma para intentar mejorar su estado de salud.<\/p>\n<p>Despu\u00e9s de una semana conectada a un respirador artificial, la noche de este jueves los m\u00e9dicos determinaron sacarla del coma. Aunque <strong>Webster<\/strong> logr\u00f3 hablar con sus familiares, aun se debate entre la vida y la muerte. Su estado es grave y no hay garant\u00eda de si\u00a0podr\u00e1 o no superar la Malaria.<\/p>\n<p>&#8220;Han sido d\u00edas terribles, pero el hecho de saber que recobr\u00f3 la consciencia es alentador&#8221;, dijo su madre, Joy, al diario ingl\u00e9s <em>Telegraph.\u00a0<\/em>&#8220;Ten\u00eda la ilusi\u00f3n de cubrir los Juegos Ol\u00edmpicos, ahora espero que al menos pueda ver la final de boxeo por el televisor&#8221;, agreg\u00f3.<\/p>\n<p><strong>Webster<\/strong> es una fan\u00e1tica del boxeo. En su curr\u00edculum, p\u00fablico en internet, tiene como uno de sus mayores logros profesionales ser la primera mujer en haber trasmitido en 2014 una pelea en vivo para la televisi\u00f3n brit\u00e1nica. Hoy lucha por seguir con vida y, aunque ahora sus ri\u00f1ones no responden y se mantiene con di\u00e1lisis, su madre conf\u00eda en que gane la batalla m\u00e1s dif\u00edcil: &#8220;Hemos tenido respaldo total e los m\u00e9dicos. Verla despierta nos llena de esperanza&#8221;.<\/p>\n","protected":false},"excerpt":{"rendered":"<p>Charlie Webster contrajo Malaria y no pudo cumplir el sue\u00f1o de cubrir los JJOO<\/p>\n","protected":false},"author":20,"featured_media":419488,"comment_status":"closed","ping_status":"closed","sticky":false,"template":"","format":"standard","meta":[],"categories":[7182],"tags":[7342,1911],"_links":{"self":[{"href":"http:\/\/desarrollo.grupomedios.com\/futbol\/wp-json\/wp\/v2\/posts\/419474"}],"collection":[{"href":"http:\/\/desarrollo.grupomedios.com\/futbol\/wp-json\/wp\/v2\/posts"}],"about":[{"href":"http:\/\/desarrollo.grupomedios.com\/futbol\/wp-json\/wp\/v2\/types\/post"}],"author":[{"embeddable":true,"href":"http:\/\/desarrollo.grupomedios.com\/futbol\/wp-json\/wp\/v2\/users\/20"}],"replies":[{"embeddable":true,"href":"http:\/\/desarrollo.grupomedios.com\/futbol\/wp-json\/wp\/v2\/comments?post=419474"}],"version-history":[{"count":0,"href":"http:\/\/desarrollo.grupomedios.com\/futbol\/wp-json\/wp\/v2\/posts\/419474\/revisions"}],"wp:featuredmedia":[{"embeddable":true,"href":"http:\/\/desarrollo.grupomedios.com\/futbol\/wp-json\/wp\/v2\/media\/419488"}],"wp:attachment":[{"href":"http:\/\/desarrollo.grupomedios.com\/futbol\/wp-json\/wp\/v2\/media?parent=419474"}],"wp:term":[{"taxonomy":"category","embeddable":true,"href":"http:\/\/desarrollo.grupomedios.com\/futbol\/wp-json\/wp\/v2\/categories?post=419474"},{"taxonomy":"post_tag","embeddable":true,"href":"http:\/\/desarrollo.grupomedios.com\/futbol\/wp-json\/wp\/v2\/tags?post=419474"}],"curies":[{"name":"wp","href":"https:\/\/api.w.org\/{rel}","templated":true}]}}