{"id":419568,"date":"2016-08-19T17:32:54","date_gmt":"2016-08-19T22:32:54","guid":{"rendered":"https:\/\/www.futboltotal.com.mx\/?p=419568"},"modified":"2016-08-19T17:32:54","modified_gmt":"2016-08-19T22:32:54","slug":"guadalupe-gonzalez-queria-boxeadora","status":"publish","type":"post","link":"http:\/\/desarrollo.grupomedios.com\/futbol\/juegos-olimpicos-2016\/guadalupe-gonzalez-queria-boxeadora\/2016\/08","title":{"rendered":"Guadalupe Gonz\u00e1lez quer\u00eda ser boxeadora"},"content":{"rendered":"<p><strong>Guadalupe Gonz\u00e1lez<\/strong>, subcampeona de la prueba de 20 kil\u00f3metros de caminata de los <a href=\"https:\/\/www.futboltotal.com.mx\/juegos-olimpicos-2016\/\" target=\"_blank\"><strong>Juegos Ol\u00edmpicos<\/strong><\/a> de R\u00edo de Janeiro, asegur\u00f3 que si ha llegado lejos en el atletismo es porque recibi\u00f3 una llamada de ese deporte.<\/p>\n<p>&#8220;La caminata me eligi\u00f3 a m\u00ed. Yo quer\u00eda ser boxeadora, pero me dejaron fuera de la final del torneo Guantes de oro porque no daba el peso; despu\u00e9s quise ser como Ana Guevara y me puse a correr 400 metros hasta que di con la marcha sin buscarlo&#8221;, dijo.<\/p>\n<p>Gonz\u00e1lez, una Ingeniera Inform\u00e1tica originaria de Tlalnepantla, en los lindes de la ciudad de M\u00e9xico, dio la nota en la prueba de 20 al retar a las favoritas chinas en el circuito &#8220;El Pontal&#8221; en R\u00edo y ganar la medalla de plata con un registro de 1h 28:37, dos segundos detr\u00e1s de la china Hong Liu.<\/p>\n<blockquote class=\"twitter-tweet\" data-lang=\"es\">\n<p dir=\"ltr\" lang=\"es\">Carlos Padilla, Olegario V\u00e1zquez Ra\u00f1a, <a href=\"https:\/\/twitter.com\/jimeaja\">@jimeaja<\/a> y Mario Garc\u00eda de la Torre con Guadalupe Gonz\u00e1lez, plata ol\u00edmpica <a href=\"https:\/\/t.co\/uuRHISikOp\">pic.twitter.com\/uuRHISikOp<\/a><\/p>\n<p>\u2014 Comit\u00e9 Ol\u00edmpico MEX (@COM_Mexico) <a href=\"https:\/\/twitter.com\/COM_Mexico\/status\/766724379573116928\">19 de agosto de 2016<\/a><\/p><\/blockquote>\n<p><script async src=\"\/\/platform.twitter.com\/widgets.js\" charset=\"utf-8\"><\/script><\/p>\n<p>Vestida con un traje deportivo de color blanco, <strong>Guadalupe Gonz\u00e1lez<\/strong> explic\u00f3 que el secreto de su triunfo fue el trabajo, que realiz\u00f3 en medio de dificultades porque padece una lesi\u00f3n lumbar cr\u00f3nica que le causa mucho dolor en los entrenamientos.<\/p>\n<p>&#8220;De ni\u00f1a ve\u00eda los<strong> Juegos Ol\u00edmpicos<\/strong> y me dec\u00eda que un d\u00eda iba a llegar a ellos y aqu\u00ed estoy con una medalla de plata para la gente que trabaja duro en M\u00e9xico&#8221;, dijo.<\/p>\n<p>En un momento en el que varios deportistas mexicanos han sido criticados por su falta de car\u00e1cter en los momentos de presi\u00f3n en los <strong>Juegos Ol\u00edmpico<\/strong>s, lo cual ha costado a la delegaci\u00f3n tres o cuatro medallas, Guadalupe ha dado este viernes una gran mentalidad a pesar de haber tenido momentos de flaqueza.<\/p>\n<blockquote class=\"twitter-tweet\" data-lang=\"es\">\n<p dir=\"ltr\" lang=\"es\">Carlos Padilla felicita a la marchista mexicana Guadalupe Gonz\u00e1lez, minutos antes de recibir su medalla de plata <a href=\"https:\/\/t.co\/HuyWjV4XCx\">pic.twitter.com\/HuyWjV4XCx<\/a><\/p>\n<p>\u2014 Comit\u00e9 Ol\u00edmpico MEX (@COM_Mexico) <a href=\"https:\/\/twitter.com\/COM_Mexico\/status\/766723145113952257\">19 de agosto de 2016<\/a><\/p><\/blockquote>\n<p><script async src=\"\/\/platform.twitter.com\/widgets.js\" charset=\"utf-8\"><\/script><\/p>\n<p>&#8220;Pens\u00e9 en rendirme, pero pens\u00e9 en los entrenamientos duros y me promet\u00ed dar una vuelta m\u00e1s al circuito, al completarla ya estaba cerca de la meta y me fui adelante con todas mis fuerzas&#8221;, dijo.<\/p>\n<p>La mexicana es entrenada por el t\u00e9cnico Juan Hern\u00e1ndez, quien no vino a R\u00edo porque tiene miedo volar en aviones y maneja a la deportista con el cuidado de un abuelo, lejos de las redes sociales y concentrada en su trabajo de cada d\u00eda sin distracciones.<\/p>\n<p>Al llevar solo tres a\u00f1os en la prueba, Hern\u00e1ndez ha repetido que la competidora a\u00fan necesita miles de kil\u00f3metros en sus piernas para llegar a su m\u00e1s alto nivel, lo cual hace pensar que si tan novata ya es subcampeona ol\u00edmpica, en el pr\u00f3ximo ciclo ol\u00edmpico puede lograr muchas proezas.<\/p>\n<blockquote class=\"twitter-tweet\" data-lang=\"es\">\n<p dir=\"ltr\" lang=\"es\">Lupita te felicito por tu gran competencia y la medalla de plata ganada a pulso en 20 kil\u00f3metros de marcha <a href=\"https:\/\/twitter.com\/rio2016_es\">@rio2016_es<\/a>: Carlos Padilla<\/p>\n<p>\u2014 Comit\u00e9 Ol\u00edmpico MEX (@COM_Mexico) <a href=\"https:\/\/twitter.com\/COM_Mexico\/status\/766717303845167105\">19 de agosto de 2016<\/a><\/p><\/blockquote>\n<p><script async src=\"\/\/platform.twitter.com\/widgets.js\" charset=\"utf-8\"><\/script><\/p>\n<p>&#8220;Me perd\u00ed los Mundiales de China el a\u00f1o pasado por una molestia en los isquiotibiales, pero en la Copa del Mundo de Roma pude por fin enfrentarme a las mejores y gan\u00e9 plata, trabaj\u00e9 mucho desde entonces y eso explica la medalla&#8221;, concluy\u00f3.<\/p>\n","protected":false},"excerpt":{"rendered":"<p>Hoy presume una medalla de plata en caminata<\/p>\n","protected":false},"author":144,"featured_media":419570,"comment_status":"closed","ping_status":"closed","sticky":false,"template":"","format":"standard","meta":[],"categories":[7269,7187,7182],"tags":[1911,5664],"_links":{"self":[{"href":"http:\/\/desarrollo.grupomedios.com\/futbol\/wp-json\/wp\/v2\/posts\/419568"}],"collection":[{"href":"http:\/\/desarrollo.grupomedios.com\/futbol\/wp-json\/wp\/v2\/posts"}],"about":[{"href":"http:\/\/desarrollo.grupomedios.com\/futbol\/wp-json\/wp\/v2\/types\/post"}],"author":[{"embeddable":true,"href":"http:\/\/desarrollo.grupomedios.com\/futbol\/wp-json\/wp\/v2\/users\/144"}],"replies":[{"embeddable":true,"href":"http:\/\/desarrollo.grupomedios.com\/futbol\/wp-json\/wp\/v2\/comments?post=419568"}],"version-history":[{"count":0,"href":"http:\/\/desarrollo.grupomedios.com\/futbol\/wp-json\/wp\/v2\/posts\/419568\/revisions"}],"wp:featuredmedia":[{"embeddable":true,"href":"http:\/\/desarrollo.grupomedios.com\/futbol\/wp-json\/wp\/v2\/media\/419570"}],"wp:attachment":[{"href":"http:\/\/desarrollo.grupomedios.com\/futbol\/wp-json\/wp\/v2\/media?parent=419568"}],"wp:term":[{"taxonomy":"category","embeddable":true,"href":"http:\/\/desarrollo.grupomedios.com\/futbol\/wp-json\/wp\/v2\/categories?post=419568"},{"taxonomy":"post_tag","embeddable":true,"href":"http:\/\/desarrollo.grupomedios.com\/futbol\/wp-json\/wp\/v2\/tags?post=419568"}],"curies":[{"name":"wp","href":"https:\/\/api.w.org\/{rel}","templated":true}]}}