{"id":419576,"date":"2016-08-19T17:57:24","date_gmt":"2016-08-19T22:57:24","guid":{"rendered":"https:\/\/www.futboltotal.com.mx\/?p=419576"},"modified":"2016-08-19T17:57:24","modified_gmt":"2016-08-19T22:57:24","slug":"yelena-isinbayeva-anuncia-retiro","status":"publish","type":"post","link":"http:\/\/desarrollo.grupomedios.com\/futbol\/juegos-olimpicos-2016\/yelena-isinbayeva-anuncia-retiro\/2016\/08","title":{"rendered":"Yelena Isinb\u00e1yeva anuncia su retiro"},"content":{"rendered":"<p>La rusa <strong>Yelena Isinb\u00e1yeva<\/strong>, doble campeona ol\u00edmpica de salto con p\u00e9rtiga y una de las grandes ausencias de los <a href=\"https:\/\/www.futboltotal.com.mx\/juegos-olimpicos-2016\/\" target=\"_blank\"><strong>Juegos Ol\u00edmpicos<\/strong><\/a> de R\u00edo 2016, anunci\u00f3 este viernes su retirada definitiva de las pistas.<\/p>\n<p>&#8220;Este salto pone punto y final a mi carrera de deportista y abre una nueva etapa en mi vida. No me rindo, sigo adelante&#8221;, dijo <strong>Isinb\u00e1yeva<\/strong>, de 34 a\u00f1os, durante una multitudinaria rueda de prensa en R\u00edo de Janeiro.<\/p>\n<p>La <em>Zarina<\/em> no pudo competir en R\u00edo tras ser excluida junto al resto del equipo ruso de atletismo por la IAAF, que retir\u00f3 la licencia a la federaci\u00f3n rusa por connivencia con el dopaje.<\/p>\n<blockquote class=\"twitter-tweet\" data-lang=\"es\">\n<p dir=\"ltr\" lang=\"es\">\u00a1Viva <a href=\"https:\/\/twitter.com\/hashtag\/COL?src=hash\">#COL<\/a>! Aqu\u00ed est\u00e1 la medalla de <a href=\"https:\/\/twitter.com\/hashtag\/Bronce?src=hash\">#Bronce<\/a> de Carlos Ram\u00edrez en <a href=\"https:\/\/twitter.com\/hashtag\/CiclismoBMX?src=hash\">#CiclismoBMX<\/a> de los <a href=\"https:\/\/twitter.com\/hashtag\/JuegosOlimpicos?src=hash\">#JuegosOlimpicos<\/a> <a href=\"https:\/\/twitter.com\/hashtag\/Rio2016?src=hash\">#Rio2016<\/a> <a href=\"https:\/\/t.co\/x5MPu6HtU8\">pic.twitter.com\/x5MPu6HtU8<\/a><\/p>\n<p>\u2014 Los Juegos Ol\u00edmpicos (@juegosolimpicos) <a href=\"https:\/\/twitter.com\/juegosolimpicos\/status\/766763299794976768\">19 de agosto de 2016<\/a><\/p><\/blockquote>\n<p><script async src=\"\/\/platform.twitter.com\/widgets.js\" charset=\"utf-8\"><\/script><\/p>\n<p>&#8220;Soy una persona imprevisible y hoy os he invitado para anunciar el fin de mi carrera. Hablar de (los <strong>Juegos Ol\u00edmpicos<\/strong> de) Tokio es prematuro. A d\u00eda de hoy, aunque quisiera, dif\u00edcilmente podr\u00eda competir all\u00ed&#8221;, agreg\u00f3.<\/p>\n<p>Seguidamente, <strong>Isinb\u00e1yeva<\/strong> adelant\u00f3 que se plantea seriamente presidir la Federaci\u00f3n Rusa de Atletismo (FRA), seg\u00fan informan medios rusos.<\/p>\n<p>&#8220;A decir verdad, s\u00ed recib\u00ed esa propuesta. Despu\u00e9s de los Juegos me reunir\u00e9 con los dirigentes de la federaci\u00f3n. Es algo que me parece muy interesante. Podr\u00eda hacer que la FRA vuelva al seno de la IAAF&#8221;, coment\u00f3.<\/p>\n<p>Al mismo tiempo, matiz\u00f3 que &#8220;antes de aceptar, hay que pens\u00e1rselo todo muy bien y poner en la balanza tanto los deseos como las capacidades&#8221;.<\/p>\n<blockquote class=\"twitter-tweet\" data-lang=\"es\">\n<p dir=\"ltr\" lang=\"es\"><a href=\"https:\/\/twitter.com\/hashtag\/COL?src=hash\">#COL<\/a> tiene 3 medallas de <a href=\"https:\/\/twitter.com\/hashtag\/Oro?src=hash\">#Oro<\/a> de los <a href=\"https:\/\/twitter.com\/hashtag\/JuegosOlimpicos?src=hash\">#JuegosOlimpicos<\/a> <a href=\"https:\/\/twitter.com\/hashtag\/Rio2016?src=hash\">#Rio2016<\/a> en <a href=\"https:\/\/twitter.com\/hashtag\/LevantamientoDePesas?src=hash\">#LevantamientoDePesas<\/a> <a href=\"https:\/\/twitter.com\/hashtag\/Atletismo?src=hash\">#Atletismo<\/a> y <a href=\"https:\/\/twitter.com\/hashtag\/CiclismoBMX?src=hash\">#CiclismoBMX<\/a> <a href=\"https:\/\/t.co\/0xJk6Q2fms\">pic.twitter.com\/0xJk6Q2fms<\/a><\/p>\n<p>\u2014 Los Juegos Ol\u00edmpicos (@juegosolimpicos) <a href=\"https:\/\/twitter.com\/juegosolimpicos\/status\/766748982152404994\">19 de agosto de 2016<\/a><\/p><\/blockquote>\n<p><script async src=\"\/\/platform.twitter.com\/widgets.js\" charset=\"utf-8\"><\/script><\/p>\n<p>Igual que hab\u00eda hecho ya el ministro de Deportes, Vitali Mutk\u00f3, el presidente del Comit\u00e9 Ol\u00edmpico Ruso (COR), Alexandr Zh\u00fakov, adelant\u00f3 hoy que apoyar\u00eda a Yelena si se propone dirigir la federaci\u00f3n de atletismo.<\/p>\n<p><strong>Isinb\u00e1yeva,<\/strong> que intent\u00f3 hasta el \u00faltimo momento participar en los Juegos pese a la prohibici\u00f3n de la IAAF, adelant\u00f3 en su momento, tras ser excluida de la que deb\u00eda ser su quinta y \u00faltima olimpiada, que no ten\u00eda sentido seguir compitiendo.<\/p>\n<p>&#8220;Despu\u00e9s del nacimiento de mi hijo los Juegos de R\u00edo a\u00fan ten\u00edan sentido. He sacrificado un tiempo que pod\u00eda haber estado con mi hijo. Y ahora este sue\u00f1o me lo han arrebatado. Tengo ya 34 a\u00f1os y elijo a la familia&#8221;, sentenci\u00f3.<\/p>\n<p>La rusa dio el primer paso ayer al ser elegida miembro de la comisi\u00f3n de deportistas del COI, cargo para el que no se puede ser deportista en activo y que ostentar\u00e1 durante los pr\u00f3ximos ocho a\u00f1os, para lo que cont\u00f3 con el respaldo de 1.365 de los deportistas que compiten los Juegos.<\/p>\n<p>&#8220;Una pena que no la dejaran competir en R\u00edo. Pero hemos visto que deportistas de todo el mundo votaron por ella. Eso puede valer m\u00e1s que una medalla ol\u00edmpica. Despu\u00e9s de que la IAAF la excluyera de las competiciones, los mismos deportistas la votaron para que represente sus intereses&#8221;, dijo al respecto Zh\u00fakov.<\/p>\n<blockquote class=\"twitter-tweet\" data-lang=\"es\">\n<p dir=\"ltr\" lang=\"es\">\u00a1Viva <a href=\"https:\/\/twitter.com\/hashtag\/MEX?src=hash\">#MEX<\/a>! Aqu\u00ed est\u00e1 la medalla de plata de Mar\u00eda Guadalupe Gonz\u00e1lez en marcha atl\u00e9tica 20 km femenina <a href=\"https:\/\/twitter.com\/hashtag\/Rio2016?src=hash\">#Rio2016<\/a> <a href=\"https:\/\/t.co\/ksPVRqxsBy\">pic.twitter.com\/ksPVRqxsBy<\/a><\/p>\n<p>\u2014 Los Juegos Ol\u00edmpicos (@juegosolimpicos) <a href=\"https:\/\/twitter.com\/juegosolimpicos\/status\/766745418847883264\">19 de agosto de 2016<\/a><\/p><\/blockquote>\n<p><script async src=\"\/\/platform.twitter.com\/widgets.js\" charset=\"utf-8\"><\/script><\/p>\n<p><strong>Isinb\u00e1yeva<\/strong> quiere seguir la senda marcada por su \u00eddolo, el ucraniano Sergu\u00e9i Bubka, que tras terminar su carrera ha ejercido puestos de responsabilidad en su pa\u00eds, la IAAF y el COI.<\/p>\n<p>Su t\u00e9cnico y descubridor, Yevgueni Trof\u00edmov, asegur\u00f3 a <em>EFE<\/em> que despu\u00e9s de la &#8220;humillaci\u00f3n&#8221; a la que ha sido sometida su pupila &#8220;no merece la pena seguir entrenando&#8221;.<\/p>\n<p>&#8220;\u00bfQu\u00e9 sentido tiene seguir si la tratan as\u00ed? Es una decisi\u00f3n injusta e incomprensible. Lena ha dado mucho al deporte mundial. Ha ganado olimpiadas, mundiales y europeos. Estableci\u00f3 28 plusmarcas mundiales. Es una aut\u00e9ntica pena. So\u00f1\u00e1bamos con el oro ol\u00edmpico&#8221;, dijo.<\/p>\n<p>Isinb\u00e1yeva, doble campeona ol\u00edmpica en Atenas y Pek\u00edn, y bronce en Londres, aspiraba a colgarse su tercera medalla de oro en R\u00edo, para lo que contaba con la segunda mejor marca del a\u00f1o al aire libre (4,90).<\/p>\n","protected":false},"excerpt":{"rendered":"<p>La rusa lament\u00f3 ser excluida de R\u00edo 2016<\/p>\n","protected":false},"author":144,"featured_media":419578,"comment_status":"closed","ping_status":"closed","sticky":false,"template":"","format":"standard","meta":[],"categories":[7187,7182],"tags":[1911,5664],"_links":{"self":[{"href":"http:\/\/desarrollo.grupomedios.com\/futbol\/wp-json\/wp\/v2\/posts\/419576"}],"collection":[{"href":"http:\/\/desarrollo.grupomedios.com\/futbol\/wp-json\/wp\/v2\/posts"}],"about":[{"href":"http:\/\/desarrollo.grupomedios.com\/futbol\/wp-json\/wp\/v2\/types\/post"}],"author":[{"embeddable":true,"href":"http:\/\/desarrollo.grupomedios.com\/futbol\/wp-json\/wp\/v2\/users\/144"}],"replies":[{"embeddable":true,"href":"http:\/\/desarrollo.grupomedios.com\/futbol\/wp-json\/wp\/v2\/comments?post=419576"}],"version-history":[{"count":0,"href":"http:\/\/desarrollo.grupomedios.com\/futbol\/wp-json\/wp\/v2\/posts\/419576\/revisions"}],"wp:featuredmedia":[{"embeddable":true,"href":"http:\/\/desarrollo.grupomedios.com\/futbol\/wp-json\/wp\/v2\/media\/419578"}],"wp:attachment":[{"href":"http:\/\/desarrollo.grupomedios.com\/futbol\/wp-json\/wp\/v2\/media?parent=419576"}],"wp:term":[{"taxonomy":"category","embeddable":true,"href":"http:\/\/desarrollo.grupomedios.com\/futbol\/wp-json\/wp\/v2\/categories?post=419576"},{"taxonomy":"post_tag","embeddable":true,"href":"http:\/\/desarrollo.grupomedios.com\/futbol\/wp-json\/wp\/v2\/tags?post=419576"}],"curies":[{"name":"wp","href":"https:\/\/api.w.org\/{rel}","templated":true}]}}