{"id":419638,"date":"2016-08-19T23:01:52","date_gmt":"2016-08-20T04:01:52","guid":{"rendered":"https:\/\/www.futboltotal.com.mx\/?p=419638"},"modified":"2016-08-19T23:04:04","modified_gmt":"2016-08-20T04:04:04","slug":"perfecto-usain-bolt-conquista-novena-medalla-oro","status":"publish","type":"post","link":"http:\/\/desarrollo.grupomedios.com\/futbol\/destacado-home\/perfecto-usain-bolt-conquista-novena-medalla-oro\/2016\/08","title":{"rendered":"\u00a1Perfecto! Usain Bolt conquista su noveno oro"},"content":{"rendered":"<p><strong>Usain Bolt<\/strong>, el esprinter m\u00e1s grande de la historia, consum\u00f3 el triple-triple ol\u00edmpico al conquistar, como miembro del relevo jamaicano 4&#215;100, su novena medalla de oro ol\u00edmpica, despu\u00e9s de haber ganado las finales individuales de 100 y 200 metros.<\/p>\n<p>Jamaica, con un <strong>Bolt<\/strong> motivado como nunca en la \u00faltima posta, consigui\u00f3 su tercera medalla de oro consecutiva en el relevo corto con un tiempo de 37.27 y Estados Unidos, que part\u00eda con posibilidades te\u00f3ricas de batir a sus grandes enemigos jamaicanos, entr\u00f3 dos cent\u00e9simas por detr\u00e1s de Jap\u00f3n (37.60).<\/p>\n<blockquote class=\"twitter-tweet\" data-lang=\"es\">\n<p dir=\"ltr\" lang=\"es\">\u00a1Qu\u00e9 alegr\u00eda! La foto de <a href=\"https:\/\/twitter.com\/usainbolt\">@usainbolt<\/a> <a href=\"https:\/\/twitter.com\/hashtag\/JAM?src=hash\">#JAM<\/a> que no pod\u00eda faltar&#8230; <a href=\"https:\/\/twitter.com\/hashtag\/Atletismo?src=hash\">#Atletismo<\/a> <a href=\"https:\/\/twitter.com\/hashtag\/JuegosOlimpicos?src=hash\">#JuegosOlimpicos<\/a> <a href=\"https:\/\/twitter.com\/hashtag\/Rio2016?src=hash\">#Rio2016<\/a> <a href=\"https:\/\/t.co\/658OjiOhNq\">pic.twitter.com\/658OjiOhNq<\/a><\/p>\n<p>\u2014 Los Juegos Ol\u00edmpicos (@juegosolimpicos) <a href=\"https:\/\/twitter.com\/juegosolimpicos\/status\/766819743072346112\">20 de agosto de 2016<\/a><\/p><\/blockquote>\n<p><script async src=\"\/\/platform.twitter.com\/widgets.js\" charset=\"utf-8\"><\/script><\/p>\n<p>Unos minutos despu\u00e9s, el equipo norteamericano, que form\u00f3 con Mike Rodgers, Justin Gatlin, Tyson Gay y Trayvon Bromell, perd\u00eda incluso el bronce al ser descalificado, de forma que la tercera medalla terminaba en manos de Canad\u00e1, que hab\u00eda hecho r\u00e9cord nacional con 3764.<\/p>\n<p>Era la \u00faltima carrera ol\u00edmpica de <strong>Usain Bolt<\/strong> y el astro jamaicano quiso regalarse a s\u00ed mismo una \u00faltima demostraci\u00f3n.<\/p>\n<p>Con seis carreras a sus espaldas en R\u00edo (tres de 100, otras tantas en 200), todas ellas ganadas, Bolt no hab\u00eda participado en las series del relevo, a fin de guardar fuerzas para el presumible choque con Justin Gatlin en la \u00faltima posta del relevo.<\/p>\n<blockquote class=\"twitter-tweet\" data-lang=\"es\">\n<p dir=\"ltr\" lang=\"es\">\u00a1Fen\u00f3meno! <a href=\"https:\/\/twitter.com\/usainbolt\">@usainbolt<\/a> <a href=\"https:\/\/twitter.com\/hashtag\/JAM?src=hash\">#JAM<\/a> gan\u00f3 su novena medalla de <a href=\"https:\/\/twitter.com\/hashtag\/Oro?src=hash\">#Oro<\/a> de los <a href=\"https:\/\/twitter.com\/hashtag\/JuegosOlimpicos?src=hash\">#JuegosOlimpicos<\/a><br \/>\n3 en 2008<br \/>\n3 en 2012<br \/>\n3 en 2016 <a href=\"https:\/\/t.co\/LEFQ5rklk9\">pic.twitter.com\/LEFQ5rklk9<\/a><\/p>\n<p>\u2014 Los Juegos Ol\u00edmpicos (@juegosolimpicos) <a href=\"https:\/\/twitter.com\/juegosolimpicos\/status\/766817523140403203\">20 de agosto de 2016<\/a><\/p><\/blockquote>\n<p><script async src=\"\/\/platform.twitter.com\/widgets.js\" charset=\"utf-8\"><\/script><\/p>\n<p>Asafa Powell, Yohan Blake y Nickel Ashmeade hab\u00edan hecho un buen trabajo en las tres primeras postas, entregando el testigo a Bolt un metro por delante de los estadounidenses, de forma que Rel\u00e1mpago pudo rematar la faena a su estilo, ofreciendo un bello espect\u00e1culo de potencia coordinada en la recta de honor.<\/p>\n<p>Estados Unidos, que ha amasado una verdadera fortuna en el relevo corto (15 medallas de oro y dos de plata, sin bronces), no gana un t\u00edtulo, sin embargo, desde Sydney 2000 con Jon Drummond, Bernard Williams, Brian Lewis y Maurice Greene.<\/p>\n<p>Jamaica, campeona ol\u00edmpica en las dos \u00faltimas ediciones de los Juegos y cuatro veces campeona mundial, confiaba, una vez m\u00e1s, en las piernas imbatibles de Bolt para hacer el <em>hat trick<\/em>, aunque con el recuerdo todav\u00eda fresco de su derrota ante Estados Unidos en el mundial de relevos, el a\u00f1o pasado, una de las pocas carreras en las que Bolt ha cruzado la meta con un rival por delante.<\/p>\n<p>A la hora de la verdad, Estados Unidos volvi\u00f3 a fallar en las entregas y ni siquiera pudo subir al podio para despedir desde arriba a Bolt.<\/p>\n","protected":false},"excerpt":{"rendered":"<p>El jamaicano conquist\u00f3 los relevos 4&#215;100<\/p>\n","protected":false},"author":144,"featured_media":419640,"comment_status":"closed","ping_status":"closed","sticky":false,"template":"","format":"standard","meta":[],"categories":[7187,5,7182,7188],"tags":[1911,5664],"_links":{"self":[{"href":"http:\/\/desarrollo.grupomedios.com\/futbol\/wp-json\/wp\/v2\/posts\/419638"}],"collection":[{"href":"http:\/\/desarrollo.grupomedios.com\/futbol\/wp-json\/wp\/v2\/posts"}],"about":[{"href":"http:\/\/desarrollo.grupomedios.com\/futbol\/wp-json\/wp\/v2\/types\/post"}],"author":[{"embeddable":true,"href":"http:\/\/desarrollo.grupomedios.com\/futbol\/wp-json\/wp\/v2\/users\/144"}],"replies":[{"embeddable":true,"href":"http:\/\/desarrollo.grupomedios.com\/futbol\/wp-json\/wp\/v2\/comments?post=419638"}],"version-history":[{"count":0,"href":"http:\/\/desarrollo.grupomedios.com\/futbol\/wp-json\/wp\/v2\/posts\/419638\/revisions"}],"wp:featuredmedia":[{"embeddable":true,"href":"http:\/\/desarrollo.grupomedios.com\/futbol\/wp-json\/wp\/v2\/media\/419640"}],"wp:attachment":[{"href":"http:\/\/desarrollo.grupomedios.com\/futbol\/wp-json\/wp\/v2\/media?parent=419638"}],"wp:term":[{"taxonomy":"category","embeddable":true,"href":"http:\/\/desarrollo.grupomedios.com\/futbol\/wp-json\/wp\/v2\/categories?post=419638"},{"taxonomy":"post_tag","embeddable":true,"href":"http:\/\/desarrollo.grupomedios.com\/futbol\/wp-json\/wp\/v2\/tags?post=419638"}],"curies":[{"name":"wp","href":"https:\/\/api.w.org\/{rel}","templated":true}]}}