{"id":419718,"date":"2016-08-19T23:00:16","date_gmt":"2016-08-20T04:00:16","guid":{"rendered":"https:\/\/www.futboltotal.com.mx\/?p=419718"},"modified":"2016-08-19T23:03:13","modified_gmt":"2016-08-20T04:03:13","slug":"veracruz-toluca-vibrante-empate","status":"publish","type":"post","link":"http:\/\/desarrollo.grupomedios.com\/futbol\/destacado-home\/veracruz-toluca-vibrante-empate\/2016\/08","title":{"rendered":"Veracruz y Toluca, con vibrante empate"},"content":{"rendered":"<p>La <strong>jornada 6 <\/strong>del <strong>Apertura 2016 <\/strong>comenz\u00f3 con las emociones a tope, pues <a href=\"http:\/\/futboltotal.com.mx\/equipos\/veracruz\/\" target=\"_blank\"><strong>Veracruz <\/strong><\/a>y<strong><a href=\"http:\/\/futboltotal.com.mx\/equipos\/toluca\/\" target=\"_blank\"> Toluca<\/a><\/strong>\u00a0protagonizaron<strong>\u00a0<\/strong>un vibrante empate 2-2 que lo tuvo todo: golazos, pol\u00e9mica y expulsiones; sin embargo, m\u00e1s all\u00e1 del resultado, ambas aficiones empiezan a preocuparse.<\/p>\n<p>El Estadio Luis <em>Pirata<\/em> Fuente presenci\u00f3 un duelo que inici\u00f3 con oportunidades en ambas porter\u00edas y si bien baj\u00f3 el ritmo, Juan P\u00e9rez se despach\u00f3 con un memorable remate de tijera para abrir el marcador (38\u2019).<\/p>\n<p>Para el complemento del cotejo, los Diablos Rojos despertaron con las anotaciones de Carlos Esquievel (46) y Enrique Triverio (60\u2019). Hasta que lleg\u00f3 un pol\u00e9mico penal que capitaliz\u00f3 Gabriel Pe\u00f1alba (80\u2019), pero todo se vino abajo con la expulsi\u00f3n de Lucas Rodr\u00edguez (82\u2019). De esta forma, la escuadra <em>choricera <\/em>est\u00e1 en el escal\u00f3n 11 con seis puntos, mientras que los jarochos son decimoterceros con cinco unidades, lo cual provoc\u00f3 el grito de \u201cfuera Pablo Marini\u201d.<\/p>\n<div id=\"galleryphL\" style=\"display:none;\"><img alt=\"\" src=\"http:\/\/desarrollo.grupomedios.com\/futbol\/wp-content\/uploads\/2016\/08\/veracruz-vs-toluca-resultado-liga-mx-4.jpg\" data-image=\"http:\/\/desarrollo.grupomedios.com\/futbol\/wp-content\/uploads\/2016\/08\/veracruz-vs-toluca-resultado-liga-mx-4.jpg\" data-description=\"veracruz-vs-toluca-resultado-liga-mx-4\"><img alt=\"\" src=\"http:\/\/desarrollo.grupomedios.com\/futbol\/wp-content\/uploads\/2016\/08\/veracruz-vs-toluca-resultado-liga-mx-5.jpg\" data-image=\"http:\/\/desarrollo.grupomedios.com\/futbol\/wp-content\/uploads\/2016\/08\/veracruz-vs-toluca-resultado-liga-mx-5.jpg\" data-description=\"veracruz-vs-toluca-resultado-liga-mx-5\"><img alt=\"\" src=\"http:\/\/desarrollo.grupomedios.com\/futbol\/wp-content\/uploads\/2016\/08\/veracruz-vs-toluca-resultado-liga-mx-2.jpg\" data-image=\"http:\/\/desarrollo.grupomedios.com\/futbol\/wp-content\/uploads\/2016\/08\/veracruz-vs-toluca-resultado-liga-mx-2.jpg\" data-description=\"veracruz-vs-toluca-resultado-liga-mx-2\"><img alt=\"\" src=\"http:\/\/desarrollo.grupomedios.com\/futbol\/wp-content\/uploads\/2016\/08\/veracruz-vs-toluca-resultado-liga-mx-1.jpg\" data-image=\"http:\/\/desarrollo.grupomedios.com\/futbol\/wp-content\/uploads\/2016\/08\/veracruz-vs-toluca-resultado-liga-mx-1.jpg\" data-description=\"veracruz-vs-toluca-resultado-liga-mx-1\"><img alt=\"\" src=\"http:\/\/desarrollo.grupomedios.com\/futbol\/wp-content\/uploads\/2016\/08\/veracruz-vs-toluca-resultado-liga-mx-3.jpg\" data-image=\"http:\/\/desarrollo.grupomedios.com\/futbol\/wp-content\/uploads\/2016\/08\/veracruz-vs-toluca-resultado-liga-mx-3.jpg\" data-description=\"veracruz-vs-toluca-resultado-liga-mx-3\"><\/div>\n        <script>\n        \/\/galeria 1\n        jQuery(document).ready(function(){ \n            var api;\n            api = jQuery(\"#galleryphL\").unitegallery({\n                carousel_autoplay: false\n            }); \n        });\n        <\/script>\n        \n<p>Alineaci\u00f3n <strong>Toluca<\/strong>:\u00a0Alfredo Talavera, Gerardo Flores, Aar\u00f3n Galindo, Paulo Da Silva, Carlos Rodr\u00edguez, Antonio R\u00edos, Rodrigo G\u00f3mez (Edy Brambila 89\u2019), Carlos Esquivel, Erbin Trejo (Pablo Barrientos 45\u2019), Ernesto Vega (Fernando Uribe 76\u2019), Enrique Triverio. DT: Hern\u00e1n Cristante.<\/p>\n<p>Alineaci\u00f3n <strong>Veracruz<\/strong>:\u00a0Pedro Gallese, Lucas Rodr\u00edguez, Leobardo L\u00f3pez, Hugo Cid (\u00c9dgar Andrade 68\u2019), Mat\u00edas Cahais, Gabriel Pe\u00f1alba, Alan Zamora (Juan Alb\u00edn 52\u2019), Luis S\u00e1nchez, Juan P\u00e9rez (Juan Kayser 65\u2019), Adri\u00e1n Luna, Furch. DT: Pablo Marini.<\/p>\n<p>\u00c1rbitro: Jorge Isaac Rojas.<\/p>\n<p><iframe loading=\"lazy\" src=\"https:\/\/www.youtube.com\/embed\/_rdhOI79dco\" frameborder=\"0\" allowfullscreen=\"allowfullscreen\"><\/iframe><\/p>\n<p style=\"text-align: center;\"><span style=\"color: #3366ff;\"><a style=\"color: #3366ff;\" href=\"https:\/\/www.futboltotal.com.mx\/2016\/08\/en-vivo-veracruz-vs-toluca-liga-mx\/\" target=\"_blank\"><strong>As\u00ed se vivi\u00f3 el Veracruz vs. Toluca <\/strong><\/a><\/span><\/p>\n<p>&nbsp;<\/p>\n","protected":false},"excerpt":{"rendered":"<p>El empate 2-2 tuvo golazos, pol\u00e9mica y expulsados <\/p>\n","protected":false},"author":20,"featured_media":419722,"comment_status":"closed","ping_status":"closed","sticky":false,"template":"","format":"standard","meta":[],"categories":[5,2198,3845],"tags":[5975,6049],"_links":{"self":[{"href":"http:\/\/desarrollo.grupomedios.com\/futbol\/wp-json\/wp\/v2\/posts\/419718"}],"collection":[{"href":"http:\/\/desarrollo.grupomedios.com\/futbol\/wp-json\/wp\/v2\/posts"}],"about":[{"href":"http:\/\/desarrollo.grupomedios.com\/futbol\/wp-json\/wp\/v2\/types\/post"}],"author":[{"embeddable":true,"href":"http:\/\/desarrollo.grupomedios.com\/futbol\/wp-json\/wp\/v2\/users\/20"}],"replies":[{"embeddable":true,"href":"http:\/\/desarrollo.grupomedios.com\/futbol\/wp-json\/wp\/v2\/comments?post=419718"}],"version-history":[{"count":0,"href":"http:\/\/desarrollo.grupomedios.com\/futbol\/wp-json\/wp\/v2\/posts\/419718\/revisions"}],"wp:featuredmedia":[{"embeddable":true,"href":"http:\/\/desarrollo.grupomedios.com\/futbol\/wp-json\/wp\/v2\/media\/419722"}],"wp:attachment":[{"href":"http:\/\/desarrollo.grupomedios.com\/futbol\/wp-json\/wp\/v2\/media?parent=419718"}],"wp:term":[{"taxonomy":"category","embeddable":true,"href":"http:\/\/desarrollo.grupomedios.com\/futbol\/wp-json\/wp\/v2\/categories?post=419718"},{"taxonomy":"post_tag","embeddable":true,"href":"http:\/\/desarrollo.grupomedios.com\/futbol\/wp-json\/wp\/v2\/tags?post=419718"}],"curies":[{"name":"wp","href":"https:\/\/api.w.org\/{rel}","templated":true}]}}