{"id":419744,"date":"2016-08-20T08:00:29","date_gmt":"2016-08-20T13:00:29","guid":{"rendered":"https:\/\/www.futboltotal.com.mx\/?p=419744"},"modified":"2016-08-20T14:11:14","modified_gmt":"2016-08-20T19:11:14","slug":"maria-del-rosario-espinoza-debuta-triunfo-en-rio-2016","status":"publish","type":"post","link":"http:\/\/desarrollo.grupomedios.com\/futbol\/juegos-olimpicos-2016\/maria-del-rosario-espinoza-debuta-triunfo-en-rio-2016\/2016\/08","title":{"rendered":"Mar\u00eda del Rosario Espinoza debuta con triunfo en R\u00edo 2016"},"content":{"rendered":"<p>La mexicana <strong>Mar\u00eda del Rosario Espinoza<\/strong>, debut\u00f3 con triunfo en el <strong>Taekwondo<\/strong> de los <strong>Juegos Ol\u00edmpicos de R\u00edo 2016<\/strong>, luego de vencer a la filipina Kirstie Elaine en los Octavos de Final.<\/p>\n<p>La mexicana fue efectiva en su combate y con lo justo, venci\u00f3 por marcador de 4-1, pues desde el comienzo fue la favorita al ser la n\u00famero uno del ranking en su categor\u00eda.<\/p>\n<p>&nbsp;<\/p>\n<p>&nbsp;<\/p>\n<p style=\"text-align: center;\"><span style=\"color: #3366ff;\"><strong><a style=\"color: #3366ff;\" href=\"https:\/\/www.futboltotal.com.mx\/2016\/08\/veracruz-toluca-vibrante-empate\/\" target=\"_blank\">Leer m\u00e1s: Vibrante empate entre Veracruz y Toluca<\/a><\/strong><\/span><\/p>\n<p style=\"text-align: center;\"><img decoding=\"async\" loading=\"lazy\" class=\"alignnone size-full wp-image-419748\" src=\"https:\/\/www.futboltotal.com.mx\/wp-content\/uploads\/2016\/08\/maria-del-rosario.jpg\" alt=\"maria-del-rosario\" srcset=\"http:\/\/desarrollo.grupomedios.com\/futbol\/wp-content\/uploads\/2016\/08\/maria-del-rosario.jpg 858w, http:\/\/desarrollo.grupomedios.com\/futbol\/wp-content\/uploads\/2016\/08\/maria-del-rosario-300x151.jpg 300w, http:\/\/desarrollo.grupomedios.com\/futbol\/wp-content\/uploads\/2016\/08\/maria-del-rosario-768x386.jpg 768w, http:\/\/desarrollo.grupomedios.com\/futbol\/wp-content\/uploads\/2016\/08\/maria-del-rosario-340x171.jpg 340w\" sizes=\"(max-width: 858px) 100vw, 858px\" \/><\/p>\n<p>Despu\u00e9s de este triunfo, la <strong>Mar\u00eda del Rosario<\/strong> pas\u00f3 a Cuartos de Final donde enfrentar\u00e1 a la marroqu\u00ed Wiam Dislam, quien gan\u00f3 el combate contra la dominicana Katherine Rodr\u00edguez por 5-1.<\/p>\n<p>Este mismo d\u00eda ser\u00e1 cuando se entreguen las medallas en <strong>taekwondo<\/strong>, pues a las 13:30 del centro de M\u00e9xico, <strong>Mar\u00eda del Rosario Espinoza<\/strong> buscar\u00e1 su pase a las semifinales, que est\u00e1n programadas para las 15:30, y en caso de llevarse el triunfo, la final se dar\u00e1 a las 20:00 hrs.<\/p>\n","protected":false},"excerpt":{"rendered":"<p>La mexicana debut\u00f3 en R\u00edo<\/p>\n","protected":false},"author":20,"featured_media":419748,"comment_status":"closed","ping_status":"closed","sticky":false,"template":"","format":"standard","meta":[],"categories":[7182,7188],"tags":[1911],"_links":{"self":[{"href":"http:\/\/desarrollo.grupomedios.com\/futbol\/wp-json\/wp\/v2\/posts\/419744"}],"collection":[{"href":"http:\/\/desarrollo.grupomedios.com\/futbol\/wp-json\/wp\/v2\/posts"}],"about":[{"href":"http:\/\/desarrollo.grupomedios.com\/futbol\/wp-json\/wp\/v2\/types\/post"}],"author":[{"embeddable":true,"href":"http:\/\/desarrollo.grupomedios.com\/futbol\/wp-json\/wp\/v2\/users\/20"}],"replies":[{"embeddable":true,"href":"http:\/\/desarrollo.grupomedios.com\/futbol\/wp-json\/wp\/v2\/comments?post=419744"}],"version-history":[{"count":0,"href":"http:\/\/desarrollo.grupomedios.com\/futbol\/wp-json\/wp\/v2\/posts\/419744\/revisions"}],"wp:featuredmedia":[{"embeddable":true,"href":"http:\/\/desarrollo.grupomedios.com\/futbol\/wp-json\/wp\/v2\/media\/419748"}],"wp:attachment":[{"href":"http:\/\/desarrollo.grupomedios.com\/futbol\/wp-json\/wp\/v2\/media?parent=419744"}],"wp:term":[{"taxonomy":"category","embeddable":true,"href":"http:\/\/desarrollo.grupomedios.com\/futbol\/wp-json\/wp\/v2\/categories?post=419744"},{"taxonomy":"post_tag","embeddable":true,"href":"http:\/\/desarrollo.grupomedios.com\/futbol\/wp-json\/wp\/v2\/tags?post=419744"}],"curies":[{"name":"wp","href":"https:\/\/api.w.org\/{rel}","templated":true}]}}