{"id":419810,"date":"2016-08-20T13:10:41","date_gmt":"2016-08-20T18:10:41","guid":{"rendered":"https:\/\/www.futboltotal.com.mx\/?p=419810"},"modified":"2016-08-20T15:41:43","modified_gmt":"2016-08-20T20:41:43","slug":"maria-del-rosario-espinoza-a-semis-taekwondo","status":"publish","type":"post","link":"http:\/\/desarrollo.grupomedios.com\/futbol\/juegos-olimpicos-2016\/maria-del-rosario-espinoza-a-semis-taekwondo\/2016\/08","title":{"rendered":"\u00a1Mar\u00eda del Rosario Espinoza a Semis de Taekwondo!"},"content":{"rendered":"<p>La mexicana, <strong>Mar\u00eda del Rosario Espinoza<\/strong>, se clasific\u00f3 a las semifinales de taekwondo de los <strong>Juegos Ol\u00edmpicos R\u00edo 2016<\/strong> luego de vencer a la marroqu\u00ed Wiam Dislam en el\u00a0<em>golden point.<\/em><\/p>\n<blockquote class=\"twitter-tweet\" data-lang=\"es\">\n<p dir=\"ltr\" lang=\"es\"><a href=\"https:\/\/twitter.com\/hashtag\/Taekwondo?src=hash\">#Taekwondo<\/a> Con punto de oro, <a href=\"https:\/\/twitter.com\/mariespinozatkd\">@mariespinozatkd<\/a> <a href=\"https:\/\/twitter.com\/hashtag\/MEX?src=hash\">#MEX<\/a> es semifinalista en <a href=\"https:\/\/twitter.com\/hashtag\/Rio2016?src=hash\">#Rio2016<\/a> <a href=\"https:\/\/t.co\/Fzrb8SvuC2\">https:\/\/t.co\/Fzrb8SvuC2<\/a> <a href=\"https:\/\/t.co\/LblM1rIgMe\">https:\/\/t.co\/LblM1rIgMe<\/a><\/p>\n<p>\u2014 Claro Sports (@ClaroSports) <a href=\"https:\/\/twitter.com\/ClaroSports\/status\/767070541840646145\">20 de agosto de 2016<\/a><\/p><\/blockquote>\n<p><script async src=\"\/\/platform.twitter.com\/widgets.js\" charset=\"utf-8\"><\/script><\/p>\n<p>El combate fue card\u00edaco para los seguidores mexicanos, pues despu\u00e9s de que en el primer asalto quedaran 0-0 y en el segundo Dislam se fuera con ventaja de 2-1, <strong>Mar\u00eda<\/strong> logr\u00f3 emparejar el marcador cuando restaban solo dos segundos del \u00faltimo round.<\/p>\n<p style=\"text-align: center;\"><span style=\"color: #3366ff;\"><strong><a style=\"color: #3366ff;\" href=\"https:\/\/www.futboltotal.com.mx\/2016\/08\/ivan-garcia-german-sanchez-clasifican-final-clavados\/\" target=\"_blank\">Leer m\u00e1s: \u00a1Iv\u00e1n Garc\u00eda y Germ\u00e1n S\u00e1nchez a la Final de los 10m!<\/a><\/strong><\/span><\/p>\n<p>As\u00ed, la mexicana mand\u00f3 el combate al\u00a0<em>golden point\u00a0<\/em>y gracias a su experiencia pudo salir triunfal al conseguir el punto que le dio el pase a las Semifinales de taekwondo de <strong>R\u00edo 2016<\/strong>.<\/p>\n","protected":false},"excerpt":{"rendered":"<p>Mar\u00eda se llev\u00f3 el triunfo con un punto de oro<\/p>\n","protected":false},"author":20,"featured_media":419746,"comment_status":"closed","ping_status":"closed","sticky":false,"template":"","format":"standard","meta":[],"categories":[7269,7182,7188,7189],"tags":[1911,5664],"_links":{"self":[{"href":"http:\/\/desarrollo.grupomedios.com\/futbol\/wp-json\/wp\/v2\/posts\/419810"}],"collection":[{"href":"http:\/\/desarrollo.grupomedios.com\/futbol\/wp-json\/wp\/v2\/posts"}],"about":[{"href":"http:\/\/desarrollo.grupomedios.com\/futbol\/wp-json\/wp\/v2\/types\/post"}],"author":[{"embeddable":true,"href":"http:\/\/desarrollo.grupomedios.com\/futbol\/wp-json\/wp\/v2\/users\/20"}],"replies":[{"embeddable":true,"href":"http:\/\/desarrollo.grupomedios.com\/futbol\/wp-json\/wp\/v2\/comments?post=419810"}],"version-history":[{"count":0,"href":"http:\/\/desarrollo.grupomedios.com\/futbol\/wp-json\/wp\/v2\/posts\/419810\/revisions"}],"wp:featuredmedia":[{"embeddable":true,"href":"http:\/\/desarrollo.grupomedios.com\/futbol\/wp-json\/wp\/v2\/media\/419746"}],"wp:attachment":[{"href":"http:\/\/desarrollo.grupomedios.com\/futbol\/wp-json\/wp\/v2\/media?parent=419810"}],"wp:term":[{"taxonomy":"category","embeddable":true,"href":"http:\/\/desarrollo.grupomedios.com\/futbol\/wp-json\/wp\/v2\/categories?post=419810"},{"taxonomy":"post_tag","embeddable":true,"href":"http:\/\/desarrollo.grupomedios.com\/futbol\/wp-json\/wp\/v2\/tags?post=419810"}],"curies":[{"name":"wp","href":"https:\/\/api.w.org\/{rel}","templated":true}]}}