{"id":419844,"date":"2016-08-20T16:07:05","date_gmt":"2016-08-20T21:07:05","guid":{"rendered":"https:\/\/www.futboltotal.com.mx\/?p=419844"},"modified":"2016-08-21T11:57:35","modified_gmt":"2016-08-21T16:57:35","slug":"ochoa-debuto-granada-en-duelo-ante-villarreal","status":"publish","type":"post","link":"http:\/\/desarrollo.grupomedios.com\/futbol\/futbol-internacional\/ochoa-debuto-granada-en-duelo-ante-villarreal\/2016\/08","title":{"rendered":"Ochoa debut\u00f3 con el Granada ante Villarreal"},"content":{"rendered":"<p>A diferencia de las \u00faltimas dos temporadas en la Liga de Espa\u00f1a,<strong> Guillermo Ochoa<\/strong> debut\u00f3 como titular en el partido que el <strong>Granada<\/strong> empat\u00f3 1-1 con el Villarreal, donde el Jonathan Dos Santos no vio actividad por lesi\u00f3n.<\/p>\n<p>El mejor del partido fue el <em>Submarino Amarillo<\/em>, que dispuso de las mejores ocasiones para marcar y no desaprovech\u00f3, pues en el segundo tiempo se fueron\u00a0al frente gracias al gol del brasile\u00f1o Alexandre Pato.<\/p>\n<p><img decoding=\"async\" loading=\"lazy\" class=\"alignnone size-full wp-image-419848\" src=\"https:\/\/www.futboltotal.com.mx\/wp-content\/uploads\/2016\/08\/ochoa-vs-pato.jpg\" alt=\"ochoa-vs-pato\" srcset=\"http:\/\/desarrollo.grupomedios.com\/futbol\/wp-content\/uploads\/2016\/08\/ochoa-vs-pato.jpg 858w, http:\/\/desarrollo.grupomedios.com\/futbol\/wp-content\/uploads\/2016\/08\/ochoa-vs-pato-300x151.jpg 300w, http:\/\/desarrollo.grupomedios.com\/futbol\/wp-content\/uploads\/2016\/08\/ochoa-vs-pato-768x386.jpg 768w, http:\/\/desarrollo.grupomedios.com\/futbol\/wp-content\/uploads\/2016\/08\/ochoa-vs-pato-340x171.jpg 340w\" sizes=\"(max-width: 858px) 100vw, 858px\" \/><\/p>\n<p>Pero el gust\u00f3 no le dur\u00f3 mucho a los visitantes, pues el argentino Ezequiel Ponce marc\u00f3 el empate para el Granada, que incluso pudo darle la vuelta al marcador pero el bal\u00f3n se estrell\u00f3 dos veces en el poste.<\/p>\n<p style=\"text-align: center;\"><span style=\"color: #3366ff;\"><strong><a style=\"color: #3366ff;\" href=\"https:\/\/www.futboltotal.com.mx\/2016\/08\/maria-del-rosario-espinoza-a-la-final-taekwondo\/\" target=\"_blank\">Leer m\u00e1s: \u00a1Mar\u00eda no defraud\u00f3 y va por la medalla de oro para M\u00e9xico!<\/a><\/strong><\/span><\/p>\n<p>Las opciones m\u00e1s claras para marcar de los amarillos fueron un remate a bocajarro de <em>Pato<b>\u00a0<\/b><\/em>tras error de la defensa local<b>\u00a0<\/b>que sac\u00f3 el meta mexicano <b>Guillermo Ochoa<\/b>, y un disparo de\u00a0Roberto Soriano en franca posici\u00f3n que desvi\u00f3 a c\u00f3rner el nigeriano Uche Agbo.<\/p>\n<blockquote class=\"twitter-tweet\" data-lang=\"es\">\n<p dir=\"ltr\" lang=\"es\">64&#8242; | 0-1 | <a href=\"https:\/\/twitter.com\/yosoy8a\">@yosoy8a<\/a> detiene a bocajarro un disparo de Sansone<br \/>\n<a href=\"https:\/\/twitter.com\/hashtag\/GranadaVillarreal?src=hash\">#GranadaVillarreal<\/a> <a href=\"https:\/\/twitter.com\/hashtag\/VamosMiGranada?src=hash\">#VamosMiGranada<\/a><\/p>\n<p>\u2014 Granada C.F. (@GranadaCdeF) <a href=\"https:\/\/twitter.com\/GranadaCdeF\/status\/767082564003692544\">20 de agosto de 2016<\/a><\/p><\/blockquote>\n<p><script async src=\"\/\/platform.twitter.com\/widgets.js\" charset=\"utf-8\"><\/script><\/p>\n<p><iframe loading=\"lazy\" src=\"https:\/\/www.youtube.com\/embed\/bhfUV52g5RE\" frameborder=\"0\" allowfullscreen=\"allowfullscreen\"><\/iframe><\/p>\n","protected":false},"excerpt":{"rendered":"<p>As\u00ed le fue al mexicano en su estreno liguero como titular<\/p>\n","protected":false},"author":20,"featured_media":419846,"comment_status":"closed","ping_status":"closed","sticky":false,"template":"","format":"standard","meta":[],"categories":[3839,3844,6718,5951],"tags":[1913,2027],"_links":{"self":[{"href":"http:\/\/desarrollo.grupomedios.com\/futbol\/wp-json\/wp\/v2\/posts\/419844"}],"collection":[{"href":"http:\/\/desarrollo.grupomedios.com\/futbol\/wp-json\/wp\/v2\/posts"}],"about":[{"href":"http:\/\/desarrollo.grupomedios.com\/futbol\/wp-json\/wp\/v2\/types\/post"}],"author":[{"embeddable":true,"href":"http:\/\/desarrollo.grupomedios.com\/futbol\/wp-json\/wp\/v2\/users\/20"}],"replies":[{"embeddable":true,"href":"http:\/\/desarrollo.grupomedios.com\/futbol\/wp-json\/wp\/v2\/comments?post=419844"}],"version-history":[{"count":0,"href":"http:\/\/desarrollo.grupomedios.com\/futbol\/wp-json\/wp\/v2\/posts\/419844\/revisions"}],"wp:featuredmedia":[{"embeddable":true,"href":"http:\/\/desarrollo.grupomedios.com\/futbol\/wp-json\/wp\/v2\/media\/419846"}],"wp:attachment":[{"href":"http:\/\/desarrollo.grupomedios.com\/futbol\/wp-json\/wp\/v2\/media?parent=419844"}],"wp:term":[{"taxonomy":"category","embeddable":true,"href":"http:\/\/desarrollo.grupomedios.com\/futbol\/wp-json\/wp\/v2\/categories?post=419844"},{"taxonomy":"post_tag","embeddable":true,"href":"http:\/\/desarrollo.grupomedios.com\/futbol\/wp-json\/wp\/v2\/tags?post=419844"}],"curies":[{"name":"wp","href":"https:\/\/api.w.org\/{rel}","templated":true}]}}