{"id":419856,"date":"2016-08-20T17:09:16","date_gmt":"2016-08-20T22:09:16","guid":{"rendered":"https:\/\/www.futboltotal.com.mx\/?p=419856"},"modified":"2016-08-20T17:09:50","modified_gmt":"2016-08-20T22:09:50","slug":"german-sanchez-gana-medalla-plata-en-clavados","status":"publish","type":"post","link":"http:\/\/desarrollo.grupomedios.com\/futbol\/destacado-home\/german-sanchez-gana-medalla-plata-en-clavados\/2016\/08","title":{"rendered":"\u00a1Germ\u00e1n S\u00e1nchez gana medalla de plata en clavados!"},"content":{"rendered":"<p>El mexicano Germ\u00e1n S\u00e1nchez se qued\u00f3 con la medalla de plata en los clavados de plataforma individual de 10 metros luego de una gran ejecuci\u00f3n en su \u00faltimo clavado. El oro se lo llev\u00f3 el chino Aisen Chen.<\/p>\n<blockquote class=\"twitter-tweet\" data-lang=\"es\">\n<p dir=\"ltr\" lang=\"es\"><a href=\"https:\/\/twitter.com\/hashtag\/Rio2016?src=hash\">#Rio2016<\/a> \u00a1Grande <a href=\"https:\/\/twitter.com\/diversanchez\">@diversanchez<\/a> medalla de <a href=\"https:\/\/twitter.com\/hashtag\/Plata?src=hash\">#Plata<\/a>!<br \/>\nEstupenda tarea en los 10 metros <a href=\"https:\/\/twitter.com\/hashtag\/Clavados?src=hash\">#Clavados<\/a> <a href=\"https:\/\/twitter.com\/hashtag\/MEX?src=hash\">#MEX<\/a> <a href=\"https:\/\/t.co\/vY2hSEdAih\">pic.twitter.com\/vY2hSEdAih<\/a><\/p>\n<p>\u2014 Rio 2016 (@rio2016_es) <a href=\"https:\/\/twitter.com\/rio2016_es\/status\/767104313718104070\">20 de agosto de 2016<\/a><\/p><\/blockquote>\n<p><script async src=\"\/\/platform.twitter.com\/widgets.js\" charset=\"utf-8\"><\/script><\/p>\n<p>Desde la primera ronda de seis, Germ\u00e1n realiz\u00f3 buenos clavados para posicionarse en los primeros tres lugares asegurando medalla, pero su \u00faltimo clavado fue con el que rebas\u00f3 al estadounidense David Broudia a la segunda posici\u00f3n con 532.70 puntos.<\/p>\n<p style=\"text-align: center;\"><span style=\"color: #3366ff;\"><strong><a style=\"color: #3366ff;\" href=\"https:\/\/www.futboltotal.com.mx\/2016\/08\/maria-del-rosario-espinoza-a-la-final-taekwondo\/\" target=\"_blank\">Leer m\u00e1s: \u00a1Mar\u00eda no defradu\u00f3 y va por el oro para M\u00e9xico!<\/a><\/strong><\/span><\/p>\n<blockquote class=\"twitter-tweet\" data-lang=\"es\">\n<p dir=\"ltr\" lang=\"es\">.<a href=\"https:\/\/twitter.com\/diversanchez\">@diversanchez<\/a>, \u00a1a punto de conseguir medalla para <a href=\"https:\/\/twitter.com\/hashtag\/MEX?src=hash\">#MEX<\/a>! Sigue la final EN VIVO por <a href=\"https:\/\/t.co\/NcnzuGQgI3\">https:\/\/t.co\/NcnzuGQgI3<\/a> <a href=\"https:\/\/t.co\/46zCHybQYw\">https:\/\/t.co\/46zCHybQYw<\/a><\/p>\n<p>\u2014 Claro Sports (@ClaroSports) <a href=\"https:\/\/twitter.com\/ClaroSports\/status\/767102522695659520\">20 de agosto de 2016<\/a><\/p><\/blockquote>\n<p><script async src=\"\/\/platform.twitter.com\/widgets.js\" charset=\"utf-8\"><\/script><\/p>\n<p>Por su parte, el otro clavadista mexicano, Iv\u00e1n Garc\u00eda, qued\u00f3 en la d\u00e9cima posici\u00f3n con 418.95 puntos.<\/p>\n","protected":false},"excerpt":{"rendered":"<p>S\u00e1nchez se meti\u00f3 entre los tres primeros en la Final de clavados<\/p>\n","protected":false},"author":20,"featured_media":419894,"comment_status":"closed","ping_status":"closed","sticky":false,"template":"","format":"standard","meta":[],"categories":[7269,7185,5,7182,7188],"tags":[1911,65,5664],"_links":{"self":[{"href":"http:\/\/desarrollo.grupomedios.com\/futbol\/wp-json\/wp\/v2\/posts\/419856"}],"collection":[{"href":"http:\/\/desarrollo.grupomedios.com\/futbol\/wp-json\/wp\/v2\/posts"}],"about":[{"href":"http:\/\/desarrollo.grupomedios.com\/futbol\/wp-json\/wp\/v2\/types\/post"}],"author":[{"embeddable":true,"href":"http:\/\/desarrollo.grupomedios.com\/futbol\/wp-json\/wp\/v2\/users\/20"}],"replies":[{"embeddable":true,"href":"http:\/\/desarrollo.grupomedios.com\/futbol\/wp-json\/wp\/v2\/comments?post=419856"}],"version-history":[{"count":0,"href":"http:\/\/desarrollo.grupomedios.com\/futbol\/wp-json\/wp\/v2\/posts\/419856\/revisions"}],"wp:featuredmedia":[{"embeddable":true,"href":"http:\/\/desarrollo.grupomedios.com\/futbol\/wp-json\/wp\/v2\/media\/419894"}],"wp:attachment":[{"href":"http:\/\/desarrollo.grupomedios.com\/futbol\/wp-json\/wp\/v2\/media?parent=419856"}],"wp:term":[{"taxonomy":"category","embeddable":true,"href":"http:\/\/desarrollo.grupomedios.com\/futbol\/wp-json\/wp\/v2\/categories?post=419856"},{"taxonomy":"post_tag","embeddable":true,"href":"http:\/\/desarrollo.grupomedios.com\/futbol\/wp-json\/wp\/v2\/tags?post=419856"}],"curies":[{"name":"wp","href":"https:\/\/api.w.org\/{rel}","templated":true}]}}