{"id":419904,"date":"2016-08-20T17:05:35","date_gmt":"2016-08-20T22:05:35","guid":{"rendered":"https:\/\/www.futboltotal.com.mx\/?p=419904"},"modified":"2016-08-20T17:34:55","modified_gmt":"2016-08-20T22:34:55","slug":"historico-bronce-mexico-en-pentatlon","status":"publish","type":"post","link":"http:\/\/desarrollo.grupomedios.com\/futbol\/destacado-home\/historico-bronce-mexico-en-pentatlon\/2016\/08","title":{"rendered":"\u00a1Hist\u00f3rico bronce para M\u00e9xico en pentatl\u00f3n moderno!"},"content":{"rendered":"<p>El mexicano <strong>Ismael Hern\u00e1ndez<\/strong> gan\u00f3 este s\u00e1bado la medalla de bronce del concurso de pentatl\u00f3n moderno de los <strong>Juegos Ol\u00edmpicos<\/strong>, con lo que extendi\u00f3 la buena racha de su pa\u00eds en las horas finales de R\u00edo 2016.<\/p>\n<blockquote class=\"twitter-tweet\" data-lang=\"es\">\n<p dir=\"ltr\" lang=\"es\"><a href=\"https:\/\/twitter.com\/hashtag\/Rio2016?src=hash\">#Rio2016<\/a> Cerca del cierre, m\u00e1s medallas para <a href=\"https:\/\/twitter.com\/hashtag\/MEX?src=hash\">#MEX<\/a><br \/>\nIsmael Hern\u00e1ndez obtiene <a href=\"https:\/\/twitter.com\/hashtag\/Bronce?src=hash\">#Bronce<\/a> en <a href=\"https:\/\/twitter.com\/hashtag\/PentatlonModerno?src=hash\">#PentatlonModerno<\/a><br \/>\n\u00a1Bravo! <a href=\"https:\/\/t.co\/m4endQ7EjV\">pic.twitter.com\/m4endQ7EjV<\/a><\/p>\n<p>\u2014 Rio 2016 (@rio2016_es) <a href=\"https:\/\/twitter.com\/rio2016_es\/status\/767113389516656641\">20 de agosto de 2016<\/a><\/p><\/blockquote>\n<p><script async src=\"\/\/platform.twitter.com\/widgets.js\" charset=\"utf-8\"><\/script><\/p>\n<p>El ruso Alexander Lesun gan\u00f3 la medalla de oro con r\u00e9cord ol\u00edmpico de 1.479 puntos, seguido del ucraniano Pavlo Tymoschenko (1.472) y de Ismael Hern\u00e1ndez (1.468).<\/p>\n<p><strong>Ismael Hern\u00e1ndez Uscanga<\/strong>, de 26 a\u00f1os y natural de Cuautla, logr\u00f3 la primera medalla en <strong>pentatl\u00f3n<\/strong> moderno para M\u00e9xico en toda la historia.<\/p>\n<p style=\"text-align: center;\"><strong><span style=\"color: #3366ff;\"><a style=\"color: #3366ff;\" href=\"https:\/\/www.futboltotal.com.mx\/2016\/08\/german-sanchez-gana-medalla-plata-en-clavados\/\" target=\"_blank\">LEER M\u00c1S: \u00a1Germ\u00e1n S\u00e1nchez gana medalla de plata en clavados!<\/a><\/span><\/strong><\/p>\n<p>El mexicano se hizo con el bronce gracias a un und\u00e9cimo puesto en la nataci\u00f3n (334 puntos), un decimonoveno en la esgrima (208), un quinto en equitaci\u00f3n (300) y un octavo en el combinado de carrera atl\u00e9tica y tiro (625).<\/p>\n<p>El oro de Lesun es el cuarto para Rusia en las \u00faltimas cinco ediciones de los Juegos. S\u00f3llo se le escap\u00f3 la de hace cuatro a\u00f1os en Londres, cuando el propio Lesun fue cuarto. EFE<\/p>\n","protected":false},"excerpt":{"rendered":"<p>logr\u00f3 la primera medalla en pentatl\u00f3n moderno para M\u00e9xico en toda la historia<\/p>\n","protected":false},"author":144,"featured_media":419910,"comment_status":"closed","ping_status":"closed","sticky":false,"template":"","format":"standard","meta":[],"categories":[7269,5,7182,7188,7189],"tags":[1911,65],"_links":{"self":[{"href":"http:\/\/desarrollo.grupomedios.com\/futbol\/wp-json\/wp\/v2\/posts\/419904"}],"collection":[{"href":"http:\/\/desarrollo.grupomedios.com\/futbol\/wp-json\/wp\/v2\/posts"}],"about":[{"href":"http:\/\/desarrollo.grupomedios.com\/futbol\/wp-json\/wp\/v2\/types\/post"}],"author":[{"embeddable":true,"href":"http:\/\/desarrollo.grupomedios.com\/futbol\/wp-json\/wp\/v2\/users\/144"}],"replies":[{"embeddable":true,"href":"http:\/\/desarrollo.grupomedios.com\/futbol\/wp-json\/wp\/v2\/comments?post=419904"}],"version-history":[{"count":0,"href":"http:\/\/desarrollo.grupomedios.com\/futbol\/wp-json\/wp\/v2\/posts\/419904\/revisions"}],"wp:featuredmedia":[{"embeddable":true,"href":"http:\/\/desarrollo.grupomedios.com\/futbol\/wp-json\/wp\/v2\/media\/419910"}],"wp:attachment":[{"href":"http:\/\/desarrollo.grupomedios.com\/futbol\/wp-json\/wp\/v2\/media?parent=419904"}],"wp:term":[{"taxonomy":"category","embeddable":true,"href":"http:\/\/desarrollo.grupomedios.com\/futbol\/wp-json\/wp\/v2\/categories?post=419904"},{"taxonomy":"post_tag","embeddable":true,"href":"http:\/\/desarrollo.grupomedios.com\/futbol\/wp-json\/wp\/v2\/tags?post=419904"}],"curies":[{"name":"wp","href":"https:\/\/api.w.org\/{rel}","templated":true}]}}