{"id":419950,"date":"2016-08-20T18:30:52","date_gmt":"2016-08-20T23:30:52","guid":{"rendered":"https:\/\/www.futboltotal.com.mx\/?p=419950"},"modified":"2016-08-21T10:34:58","modified_gmt":"2016-08-21T15:34:58","slug":"historico-brasil-gana-medalla-oro-en-futbol","status":"publish","type":"post","link":"http:\/\/desarrollo.grupomedios.com\/futbol\/top-internacional-home\/historico-brasil-gana-medalla-oro-en-futbol\/2016\/08","title":{"rendered":"\u00a1Hist\u00f3rico! Brasil gana medalla de oro en futbol"},"content":{"rendered":"<p><strong>Brasil<\/strong> acab\u00f3 con el maleficio de los <a href=\"https:\/\/www.futboltotal.com.mx\/juegos-olimpicos-2016\/\" target=\"_blank\"><strong>Juegos Ol\u00edmpicos<\/strong><\/a>, se veng\u00f3 de <strong>Alemania<\/strong> y evit\u00f3 un Maracanazo merced a su mayor acierto en la tanda de penaltis, tras una final de R\u00edo 2016 en la que el brillo de Neymar no le bast\u00f3 a la <em>Canarinha<\/em> para fulminar a los germanos ni en el tiempo reglamentario ni en la pr\u00f3rroga.<\/p>\n<p>Adelant\u00f3 Neymar al conjunto brasile\u00f1o a los 27 minutos con un genial lanzamiento de falta pero los alemanes, como es propio de ellos, no se rindieron y equilibraron para sorpresa del Maracan\u00e1 en el segundo periodo por medio de Maximilian Meyer. Los dos capitanes mandaron el partido a la tanda de penaltis.<\/p>\n<blockquote class=\"twitter-tweet\" data-lang=\"es\">\n<p dir=\"ltr\" lang=\"es\"><a href=\"https:\/\/twitter.com\/hashtag\/BRA?src=hash\">#BRA<\/a> gan\u00f3 por primera vez la medalla de <a href=\"https:\/\/twitter.com\/hashtag\/Oro?src=hash\">#Oro<\/a> en <a href=\"https:\/\/twitter.com\/hashtag\/F%C3%BAtbol?src=hash\">#F\u00fatbol<\/a> masculino de los <a href=\"https:\/\/twitter.com\/hashtag\/JuegosOlimpicos?src=hash\">#JuegosOlimpicos<\/a> <a href=\"https:\/\/t.co\/55RJMxoKnz\">pic.twitter.com\/55RJMxoKnz<\/a><\/p>\n<p>\u2014 Los Juegos Ol\u00edmpicos (@juegosolimpicos) <a href=\"https:\/\/twitter.com\/juegosolimpicos\/status\/767141205390024704\">20 de agosto de 2016<\/a><\/p><\/blockquote>\n<p><script async src=\"\/\/platform.twitter.com\/widgets.js\" charset=\"utf-8\"><\/script><\/p>\n<p>Y ah\u00ed un influjo divino al que hab\u00eda recurrido en sus redes sociales el barcelonista aliment\u00f3 el sue\u00f1o de la Verdeamarela con la parada de Weverton, convocado a \u00faltima hora por lesi\u00f3n de un compa\u00f1ero, a Nils Petersen, y el \u00faltimo lanzamiento de Neymar.<\/p>\n<p>El atacante azulgrana atrajo todos los focos y cumpli\u00f3 con su condici\u00f3n de l\u00edder indiscutible de este en\u00e9simo proyecto ol\u00edmpico brasile\u00f1o que por fin encontr\u00f3 la recompensa en casa, en su templo, en aquel que fue &#8220;asaltado&#8221; por Uruguay en la final del Mundial de 1950.<\/p>\n<blockquote class=\"twitter-tweet\" data-lang=\"es\">\n<p dir=\"ltr\" lang=\"es\"><a href=\"https:\/\/twitter.com\/hashtag\/BRA?src=hash\">#BRA<\/a> venci\u00f3 5-4 a <a href=\"https:\/\/twitter.com\/hashtag\/GER?src=hash\">#GER<\/a> (tanda de penales) y gan\u00f3 la medalla de <a href=\"https:\/\/twitter.com\/hashtag\/Oro?src=hash\">#Oro<\/a> en <a href=\"https:\/\/twitter.com\/hashtag\/F%C3%BAtbol?src=hash\">#F\u00fatbol<\/a> masculino <a href=\"https:\/\/twitter.com\/hashtag\/Rio2016?src=hash\">#Rio2016<\/a> <a href=\"https:\/\/t.co\/s0V7eB73SA\">pic.twitter.com\/s0V7eB73SA<\/a><\/p>\n<p>\u2014 Los Juegos Ol\u00edmpicos (@juegosolimpicos) <a href=\"https:\/\/twitter.com\/juegosolimpicos\/status\/767137641938714624\">20 de agosto de 2016<\/a><\/p><\/blockquote>\n<p><script async src=\"\/\/platform.twitter.com\/widgets.js\" charset=\"utf-8\"><\/script><\/p>\n<p>No pudo resarcirse <strong>Brasil<\/strong> hace dos a\u00f1os en la segunda ocasi\u00f3n en que la cita mundialista recal\u00f3 en el pa\u00eds por obra y gracia de la goleada por 7-1 que le endos\u00f3 la propia Alemania en Belo Horizonte.<\/p>\n<p>Y tuvo que ser este 2016, en los primeros Juegos en Sudam\u00e9rica, cuando la <em>Canarinha<\/em> sald\u00f3 cuentas con la historia y se llev\u00f3 el primer oro ol\u00edmpico de su historia.<\/p>\n","protected":false},"excerpt":{"rendered":"<p>Brasil acab\u00f3 con el maleficio de los Juegos Ol\u00edmpicos, se veng\u00f3 de Alemania y evit\u00f3 un Maracanazo merced a su mayor acierto en la tanda de penaltis, tras una final de R\u00edo 2016 en la que el brillo de Neymar no le bast\u00f3 a la Canarinha para fulminar a los germanos ni en el tiempo [&hellip;]<\/p>\n","protected":false},"author":144,"featured_media":419952,"comment_status":"closed","ping_status":"closed","sticky":false,"template":"","format":"standard","meta":[],"categories":[7186,7182,7188,5951],"tags":[1911,5664],"_links":{"self":[{"href":"http:\/\/desarrollo.grupomedios.com\/futbol\/wp-json\/wp\/v2\/posts\/419950"}],"collection":[{"href":"http:\/\/desarrollo.grupomedios.com\/futbol\/wp-json\/wp\/v2\/posts"}],"about":[{"href":"http:\/\/desarrollo.grupomedios.com\/futbol\/wp-json\/wp\/v2\/types\/post"}],"author":[{"embeddable":true,"href":"http:\/\/desarrollo.grupomedios.com\/futbol\/wp-json\/wp\/v2\/users\/144"}],"replies":[{"embeddable":true,"href":"http:\/\/desarrollo.grupomedios.com\/futbol\/wp-json\/wp\/v2\/comments?post=419950"}],"version-history":[{"count":0,"href":"http:\/\/desarrollo.grupomedios.com\/futbol\/wp-json\/wp\/v2\/posts\/419950\/revisions"}],"wp:featuredmedia":[{"embeddable":true,"href":"http:\/\/desarrollo.grupomedios.com\/futbol\/wp-json\/wp\/v2\/media\/419952"}],"wp:attachment":[{"href":"http:\/\/desarrollo.grupomedios.com\/futbol\/wp-json\/wp\/v2\/media?parent=419950"}],"wp:term":[{"taxonomy":"category","embeddable":true,"href":"http:\/\/desarrollo.grupomedios.com\/futbol\/wp-json\/wp\/v2\/categories?post=419950"},{"taxonomy":"post_tag","embeddable":true,"href":"http:\/\/desarrollo.grupomedios.com\/futbol\/wp-json\/wp\/v2\/tags?post=419950"}],"curies":[{"name":"wp","href":"https:\/\/api.w.org\/{rel}","templated":true}]}}