{"id":420260,"date":"2016-08-21T15:08:14","date_gmt":"2016-08-21T20:08:14","guid":{"rendered":"https:\/\/www.futboltotal.com.mx\/?p=420260"},"modified":"2016-08-21T15:10:22","modified_gmt":"2016-08-21T20:10:22","slug":"chicharito-anota-definicion-crack","status":"publish","type":"post","link":"http:\/\/desarrollo.grupomedios.com\/futbol\/destacado-home\/chicharito-anota-definicion-crack\/2016\/08","title":{"rendered":"Chicharito anota y asiste en victoria del Leverkusen"},"content":{"rendered":"<p>No importa la clase de partido. <strong>Javier Chicharito Hern\u00e1ndez<\/strong>\u00a0siempre est\u00e1 ah\u00ed, al servicio del <strong>Bayer Leverkusen<\/strong> y el gol. Despu\u00e9s de haber calentado motor en la pretemporada con un par de tantos ante el Porto y la Real Sociedad, el delantero mexicano ha vuelto a ser vital para las <em>Aspirinas <\/em>al marcar una diana y dar una asistencia, en la victoria 1-2 ante el\u00a0\u00a0SC Hauenstein,\u00a0en el arranque de la primera ronda de la Copa Alemana (DFB Pokal).<\/p>\n<p style=\"text-align: center;\"><span style=\"color: #3366ff;\"><strong>LEER M\u00c1S: Todas las noticias de mexicanos en Europa<\/strong><\/span><\/p>\n<blockquote class=\"twitter-tweet\" data-lang=\"es\">\n<p dir=\"ltr\" lang=\"es\">.<a href=\"https:\/\/twitter.com\/CH14_\">@CH14_<\/a> realiz\u00f3 un gran control y remat\u00f3 para romper las redes rivales con una estupenda definici\u00f3n. 0-1.<a href=\"https:\/\/twitter.com\/hashtag\/SCHB04?src=hash\">#SCHB04<\/a> <a href=\"https:\/\/t.co\/pGus0mwmsE\">pic.twitter.com\/pGus0mwmsE<\/a><\/p>\n<p>\u2014 Bayer 04 Leverkusen (@bayer04_es) <a href=\"https:\/\/twitter.com\/bayer04_es\/status\/767364153598107648\">21 de agosto de 2016<\/a><\/p><\/blockquote>\n<p><script async src=\"\/\/platform.twitter.com\/widgets.js\" charset=\"utf-8\"><\/script><\/p>\n<p><strong>Chicharito<\/strong>, quien sali\u00f3 de cambio en la agon\u00eda del segundo tiempo, abri\u00f3 el marcador al minuto 39, tras recibir una gran asistencia de Mehmedi que control\u00f3 de manera inmejorable y remat\u00f3 con una excelsa vaselina. Pero adem\u00e1s, el mexicano contribuy\u00f3 con una asistencia para Karim Bellarabi, quien tras recibir un diagonal retrasada firm\u00f3 la victoria 1-2.<br \/>\n<iframe loading=\"lazy\" src=\"https:\/\/www.youtube.com\/embed\/AR7m4yuvvvQ\" frameborder=\"0\" allowfullscreen=\"allowfullscreen\"><\/iframe><\/p>\n<p>En la DFB Pokal, <strong>Chicharito<\/strong> ha pagado con creces los minutos en el campo. El partido de este domingo es el cuarto que disputa el mexicano en calidad de titular y en este ha marcado su quinto gol en esta competici\u00f3n.<em>\u00a0<\/em>Los dos primeros los marc\u00f3 en su debut ante el K\u00f6ln (28 de octubre de 2015) y despu\u00e9s un par de tanto m\u00e1s al Unterhaching y al Werder Bremen.<\/p>\n","protected":false},"excerpt":{"rendered":"<p>El mexicano anot\u00f3 su cuarto gol en la DFB Pokal ante el SC Hauenstein<\/p>\n","protected":false},"author":20,"featured_media":412525,"comment_status":"closed","ping_status":"closed","sticky":false,"template":"","format":"standard","meta":[],"categories":[5,3839,6718],"tags":[120,3736,118],"_links":{"self":[{"href":"http:\/\/desarrollo.grupomedios.com\/futbol\/wp-json\/wp\/v2\/posts\/420260"}],"collection":[{"href":"http:\/\/desarrollo.grupomedios.com\/futbol\/wp-json\/wp\/v2\/posts"}],"about":[{"href":"http:\/\/desarrollo.grupomedios.com\/futbol\/wp-json\/wp\/v2\/types\/post"}],"author":[{"embeddable":true,"href":"http:\/\/desarrollo.grupomedios.com\/futbol\/wp-json\/wp\/v2\/users\/20"}],"replies":[{"embeddable":true,"href":"http:\/\/desarrollo.grupomedios.com\/futbol\/wp-json\/wp\/v2\/comments?post=420260"}],"version-history":[{"count":0,"href":"http:\/\/desarrollo.grupomedios.com\/futbol\/wp-json\/wp\/v2\/posts\/420260\/revisions"}],"wp:featuredmedia":[{"embeddable":true,"href":"http:\/\/desarrollo.grupomedios.com\/futbol\/wp-json\/wp\/v2\/media\/412525"}],"wp:attachment":[{"href":"http:\/\/desarrollo.grupomedios.com\/futbol\/wp-json\/wp\/v2\/media?parent=420260"}],"wp:term":[{"taxonomy":"category","embeddable":true,"href":"http:\/\/desarrollo.grupomedios.com\/futbol\/wp-json\/wp\/v2\/categories?post=420260"},{"taxonomy":"post_tag","embeddable":true,"href":"http:\/\/desarrollo.grupomedios.com\/futbol\/wp-json\/wp\/v2\/tags?post=420260"}],"curies":[{"name":"wp","href":"https:\/\/api.w.org\/{rel}","templated":true}]}}