{"id":420298,"date":"2016-08-21T11:13:14","date_gmt":"2016-08-21T16:13:14","guid":{"rendered":"https:\/\/www.futboltotal.com.mx\/?p=420298"},"modified":"2016-08-21T11:14:13","modified_gmt":"2016-08-21T16:14:13","slug":"jugador-aleman-se-burla-brasil","status":"publish","type":"post","link":"http:\/\/desarrollo.grupomedios.com\/futbol\/futbol-internacional\/jugador-aleman-se-burla-brasil\/2016\/08","title":{"rendered":"Jugador alem\u00e1n se burla de Brasil"},"content":{"rendered":"<p>Tras haber perdido la medalla de oro en la Final de los Juegos Ol\u00edmpicos de <strong>R\u00edo 2016<\/strong> a manos del anfitri\u00f3n, el defensa central alem\u00e1n<strong> Robert Bauer<\/strong> le record\u00f3 a la afici\u00f3n brasile\u00f1a la goleada hist\u00f3rica 7-1 que sufri\u00f3 <strong>Brasil<\/strong> ante Alemania en el Mundial de Brasil 2014.<\/p>\n<p>Previo a la ceremonia de premiaci\u00f3n, los alemanes se despidieron de la afici\u00f3n teutona que acudi\u00f3 para apoyarlos y, cuando se dirig\u00edan al vestidor,\u00a0Bauer elev\u00f3 las manos con siete dedos arriba en alusi\u00f3n al <em>Maracanazo<\/em> de aquella tarde. Previamente, el defensa central hab\u00eda quedado abatido en el campo despu\u00e9s de ver com <a href=\"https:\/\/www.futboltotal.com.mx\/2016\/08\/historico-brasil-gana-medalla-oro-en-futbol\/\">Neymar marc\u00f3 impecable el quinto penal que coron\u00f3 a Brasil como campe\u00f3n de la justa.<\/a><\/p>\n<p style=\"text-align: center;\"><span style=\"color: #3366ff;\"><strong><span style=\"color: #3366ff;\"><a style=\"color: #3366ff;\" href=\"https:\/\/www.futboltotal.com.mx\/juegos-olimpicos-2016\/\">LEER M\u00c1S: Todas las noticias de Juegos Ol\u00edmpicos<\/a><\/span>\u00a0<img decoding=\"async\" loading=\"lazy\" class=\"alignnone size-full wp-image-420302\" src=\"https:\/\/www.futboltotal.com.mx\/wp-content\/uploads\/2016\/08\/Brasil.jpg\" alt=\"Brasil\" srcset=\"http:\/\/desarrollo.grupomedios.com\/futbol\/wp-content\/uploads\/2016\/08\/Brasil.jpg 716w, http:\/\/desarrollo.grupomedios.com\/futbol\/wp-content\/uploads\/2016\/08\/Brasil-300x275.jpg 300w\" sizes=\"(max-width: 716px) 100vw, 716px\" \/><\/strong><\/span><\/p>\n<p style=\"text-align: left;\">Despu\u00e9s del pol\u00e9mico gesto, el jugador alem\u00e1n, de 21 a\u00f1os, public\u00f3 un mensaje en su cuenta de <em>Instagram <\/em>para pedir disculpas por el gesto antideportivo que realiz\u00f3 en el campo. En el post publicado tras haber recibido la medalla de plata, lucia la camiseta de Brasil.<\/p>\n<blockquote class=\"instagram-media\" style=\"background: #FFF; border: 0; border-radius: 3px; box-shadow: 0 0 1px 0 rgba(0,0,0,0.5),0 1px 10px 0 rgba(0,0,0,0.15); margin: 1px; max-width: 658px; padding: 0; width: calc(100% - 2px);\" data-instgrm-captioned=\"\" data-instgrm-version=\"7\">\n<div style=\"padding: 8px;\">\n<div style=\"background: #F8F8F8; line-height: 0; margin-top: 40px; padding: 50.0% 0; text-align: center; width: 100%;\"><\/div>\n<p style=\"margin: 8px 0 0 0; padding: 0 4px;\"><a style=\"color: #000; font-family: Arial,sans-serif; font-size: 14px; font-style: normal; font-weight: normal; line-height: 17px; text-decoration: none; word-wrap: break-word;\" href=\"https:\/\/www.instagram.com\/p\/BJWk35VBCq7\/\" target=\"_blank\">Durante o jogo eu agi de forma emocional. Se eu tiver ofendido algu\u00e9m com essa a\u00e7\u00e3o, pe\u00e7o mil desculpas. Foi um prazer enorme poder jogar futebol nesse pa\u00eds t\u00e3o receptivo e com um povo t\u00e3o alegre. Parabenizo todo povo brasileiro pela medalha de ouro.<\/a><\/p>\n<p style=\"color: #c9c8cd; font-family: Arial,sans-serif; font-size: 14px; line-height: 17px; margin-bottom: 0; margin-top: 8px; overflow: hidden; padding: 8px 0 7px; text-align: center; text-overflow: ellipsis; white-space: nowrap;\">Una foto publicada por Robert Bauer (@robbi_23) el <time style=\"font-family: Arial,sans-serif; font-size: 14px; line-height: 17px;\" datetime=\"2016-08-21T01:44:17+00:00\">20 de Ago de 2016 a la(s) 6:44 PDT<\/time><\/p>\n<\/div>\n<\/blockquote>\n<p><script async defer src=\"\/\/platform.instagram.com\/en_US\/embeds.js\"><\/script><\/p>\n","protected":false},"excerpt":{"rendered":"<p>El central teut\u00f3n hizo un pol\u00e9mico gesto tras la derrota en JJOO<\/p>\n","protected":false},"author":20,"featured_media":420300,"comment_status":"closed","ping_status":"closed","sticky":false,"template":"","format":"standard","meta":[],"categories":[3839,7186],"tags":[6000,6009],"_links":{"self":[{"href":"http:\/\/desarrollo.grupomedios.com\/futbol\/wp-json\/wp\/v2\/posts\/420298"}],"collection":[{"href":"http:\/\/desarrollo.grupomedios.com\/futbol\/wp-json\/wp\/v2\/posts"}],"about":[{"href":"http:\/\/desarrollo.grupomedios.com\/futbol\/wp-json\/wp\/v2\/types\/post"}],"author":[{"embeddable":true,"href":"http:\/\/desarrollo.grupomedios.com\/futbol\/wp-json\/wp\/v2\/users\/20"}],"replies":[{"embeddable":true,"href":"http:\/\/desarrollo.grupomedios.com\/futbol\/wp-json\/wp\/v2\/comments?post=420298"}],"version-history":[{"count":0,"href":"http:\/\/desarrollo.grupomedios.com\/futbol\/wp-json\/wp\/v2\/posts\/420298\/revisions"}],"wp:featuredmedia":[{"embeddable":true,"href":"http:\/\/desarrollo.grupomedios.com\/futbol\/wp-json\/wp\/v2\/media\/420300"}],"wp:attachment":[{"href":"http:\/\/desarrollo.grupomedios.com\/futbol\/wp-json\/wp\/v2\/media?parent=420298"}],"wp:term":[{"taxonomy":"category","embeddable":true,"href":"http:\/\/desarrollo.grupomedios.com\/futbol\/wp-json\/wp\/v2\/categories?post=420298"},{"taxonomy":"post_tag","embeddable":true,"href":"http:\/\/desarrollo.grupomedios.com\/futbol\/wp-json\/wp\/v2\/tags?post=420298"}],"curies":[{"name":"wp","href":"https:\/\/api.w.org\/{rel}","templated":true}]}}