{"id":420322,"date":"2016-08-21T11:40:15","date_gmt":"2016-08-21T16:40:15","guid":{"rendered":"https:\/\/www.futboltotal.com.mx\/?p=420322"},"modified":"2016-08-21T11:53:50","modified_gmt":"2016-08-21T16:53:50","slug":"mexicanos-sin-suerte-en-maraton-rio-2016","status":"publish","type":"post","link":"http:\/\/desarrollo.grupomedios.com\/futbol\/destacado-home\/mexicanos-sin-suerte-en-maraton-rio-2016\/2016\/08","title":{"rendered":"Mexicanos, sin suerte en Marat\u00f3n de R\u00edo 2016"},"content":{"rendered":"<p>Los maratonistas\u00a0Daniel Vargas y\u00a0Ricardo Ramos se quedaron muy lejos de conseguir la \u00faltima medalla para M\u00e9xico\u00a0en los <strong>Juegos Ol\u00edmpicos de R\u00edo 2016<\/strong>. Este d\u00eda participaron en la prueba de la especialidad y culminaron en la posici\u00f3n 54 y 120, respectivamente.<\/p>\n<p style=\"text-align: center;\"><strong><span style=\"color: #3366ff;\"><a style=\"color: #3366ff;\" href=\"https:\/\/www.futboltotal.com.mx\/juegos-olimpicos-2016\/\">LEER M\u00c1S: Todas las noticias de Juegos Ol\u00edmpicos<\/a><\/span>\u00a0<\/strong><\/p>\n<p>Con un tiempo de 2:18.51 horas, Vargas recorri\u00f3 los 42.195 kil\u00f3metros, mientras que Ramos lo hizo en 2:30:20 horas, en el \u00faltimo d\u00eda de actividades.<\/p>\n<p>Vargas se ubic\u00f3 en el sitio 92 tras los primeros cinco kil\u00f3metros y conforme avanz\u00f3 la prueba mejor\u00f3 posiciones para concluir en el 54, a diferencia de su compatriota, que a los 10 kil\u00f3metros estaba en el 13, aunque se fue rezagando y finaliz\u00f3 muy lejos de las medallas.<\/p>\n","protected":false},"excerpt":{"rendered":"<p>Vargas y Ramos no pudieron sumar la \u00faltima medalla para M\u00e9xico en JJOO<\/p>\n","protected":false},"author":20,"featured_media":420324,"comment_status":"closed","ping_status":"closed","sticky":false,"template":"","format":"standard","meta":[],"categories":[7269,7187,5,7182],"tags":[1911,65],"_links":{"self":[{"href":"http:\/\/desarrollo.grupomedios.com\/futbol\/wp-json\/wp\/v2\/posts\/420322"}],"collection":[{"href":"http:\/\/desarrollo.grupomedios.com\/futbol\/wp-json\/wp\/v2\/posts"}],"about":[{"href":"http:\/\/desarrollo.grupomedios.com\/futbol\/wp-json\/wp\/v2\/types\/post"}],"author":[{"embeddable":true,"href":"http:\/\/desarrollo.grupomedios.com\/futbol\/wp-json\/wp\/v2\/users\/20"}],"replies":[{"embeddable":true,"href":"http:\/\/desarrollo.grupomedios.com\/futbol\/wp-json\/wp\/v2\/comments?post=420322"}],"version-history":[{"count":0,"href":"http:\/\/desarrollo.grupomedios.com\/futbol\/wp-json\/wp\/v2\/posts\/420322\/revisions"}],"wp:featuredmedia":[{"embeddable":true,"href":"http:\/\/desarrollo.grupomedios.com\/futbol\/wp-json\/wp\/v2\/media\/420324"}],"wp:attachment":[{"href":"http:\/\/desarrollo.grupomedios.com\/futbol\/wp-json\/wp\/v2\/media?parent=420322"}],"wp:term":[{"taxonomy":"category","embeddable":true,"href":"http:\/\/desarrollo.grupomedios.com\/futbol\/wp-json\/wp\/v2\/categories?post=420322"},{"taxonomy":"post_tag","embeddable":true,"href":"http:\/\/desarrollo.grupomedios.com\/futbol\/wp-json\/wp\/v2\/tags?post=420322"}],"curies":[{"name":"wp","href":"https:\/\/api.w.org\/{rel}","templated":true}]}}