{"id":420440,"date":"2016-08-21T15:06:52","date_gmt":"2016-08-21T20:06:52","guid":{"rendered":"https:\/\/www.futboltotal.com.mx\/?p=420440"},"modified":"2016-08-21T15:10:46","modified_gmt":"2016-08-21T20:10:46","slug":"maria-del-rosario-sera-abanderada-mexico","status":"publish","type":"post","link":"http:\/\/desarrollo.grupomedios.com\/futbol\/destacado-home\/maria-del-rosario-sera-abanderada-mexico\/2016\/08","title":{"rendered":"Mar\u00eda del Rosario ser\u00e1 abanderada de M\u00e9xico"},"content":{"rendered":"<p>Tras haber conquistado la medalla de plata en el Taekwondo (categor\u00eda +67 kilogramos), la mexicana <strong>Mar\u00eda del Rosario Espinoza<\/strong> ha sido designada por el Comit\u00e9 Ol\u00edmpico Mexicano como la abanderada de M\u00e9xico para la Ceremonia de Clausura de los <strong>Juegos Ol\u00edmpicos de R\u00edo 2016.<\/strong><\/p>\n<p style=\"text-align: center;\"><span style=\"color: #3366ff;\"><a style=\"color: #3366ff;\" href=\"https:\/\/www.futboltotal.com.mx\/juegos-olimpicos-2016\/\"><strong>LEER M\u00c1S: Todas las noticias de Juegos Ol\u00edmpicos<\/strong><\/a><\/span><\/p>\n<blockquote class=\"twitter-tweet\" data-lang=\"es\">\n<p dir=\"ltr\" lang=\"es\">Jefatura de Misi\u00f3n:<a href=\"https:\/\/twitter.com\/mariespinozatkd\">@mariespinozatkd<\/a> designada abanderada del contingente deportivo mexicano en clausura <a href=\"https:\/\/twitter.com\/rio2016_es\">@rio2016_es<\/a> <a href=\"https:\/\/t.co\/LTwFq0eodS\">pic.twitter.com\/LTwFq0eodS<\/a><\/p>\n<p>\u2014 Comit\u00e9 Ol\u00edmpico MEX (@COM_Mexico) <a href=\"https:\/\/twitter.com\/COM_Mexico\/status\/767420274849509376\">21 de agosto de 2016<\/a><\/p><\/blockquote>\n<p><script async src=\"\/\/platform.twitter.com\/widgets.js\" charset=\"utf-8\"><\/script><br \/>\n<strong>Mar\u00eda del Rosario Espinoza<\/strong> ser\u00e1 por segunda vez abanderada en la historia de la magna justa del deporte, luego de haberlo hecho hace cuatro en la ceremonia de Apertura en Londres 2012, cuando logr\u00f3 tan alta distinci\u00f3n tras haber ganado la medalla de oro en la misma disciplina en Pek\u00edn 2008.<\/p>\n<p>La atleta mexicana encabezar\u00e1 el representativo nacional que desfilar\u00e1 en la ceremonia de clausura de esta tarde (18:00 horas Tiempo de M\u00e9xico) despu\u00e9s de haberse convertido la noche de este s\u00e1bado en la primera mujer mexicana en ganar tres medallas (oro, plata y bronce) en la historia de los Juegos Ol\u00edmpicos.<\/p>\n","protected":false},"excerpt":{"rendered":"<p>La mexicana portar\u00e1 el l\u00e1baro patrio en la ceremonia de Clausura de R\u00edo 2016<\/p>\n","protected":false},"author":20,"featured_media":420444,"comment_status":"closed","ping_status":"closed","sticky":false,"template":"","format":"standard","meta":[],"categories":[7269,5,7182,7188],"tags":[1911,7352],"_links":{"self":[{"href":"http:\/\/desarrollo.grupomedios.com\/futbol\/wp-json\/wp\/v2\/posts\/420440"}],"collection":[{"href":"http:\/\/desarrollo.grupomedios.com\/futbol\/wp-json\/wp\/v2\/posts"}],"about":[{"href":"http:\/\/desarrollo.grupomedios.com\/futbol\/wp-json\/wp\/v2\/types\/post"}],"author":[{"embeddable":true,"href":"http:\/\/desarrollo.grupomedios.com\/futbol\/wp-json\/wp\/v2\/users\/20"}],"replies":[{"embeddable":true,"href":"http:\/\/desarrollo.grupomedios.com\/futbol\/wp-json\/wp\/v2\/comments?post=420440"}],"version-history":[{"count":0,"href":"http:\/\/desarrollo.grupomedios.com\/futbol\/wp-json\/wp\/v2\/posts\/420440\/revisions"}],"wp:featuredmedia":[{"embeddable":true,"href":"http:\/\/desarrollo.grupomedios.com\/futbol\/wp-json\/wp\/v2\/media\/420444"}],"wp:attachment":[{"href":"http:\/\/desarrollo.grupomedios.com\/futbol\/wp-json\/wp\/v2\/media?parent=420440"}],"wp:term":[{"taxonomy":"category","embeddable":true,"href":"http:\/\/desarrollo.grupomedios.com\/futbol\/wp-json\/wp\/v2\/categories?post=420440"},{"taxonomy":"post_tag","embeddable":true,"href":"http:\/\/desarrollo.grupomedios.com\/futbol\/wp-json\/wp\/v2\/tags?post=420440"}],"curies":[{"name":"wp","href":"https:\/\/api.w.org\/{rel}","templated":true}]}}