{"id":420466,"date":"2016-08-21T17:31:16","date_gmt":"2016-08-21T22:31:16","guid":{"rendered":"https:\/\/www.futboltotal.com.mx\/?p=420466"},"modified":"2016-08-21T17:44:16","modified_gmt":"2016-08-21T22:44:16","slug":"los-heroes-mexico-en-rio-2016","status":"publish","type":"post","link":"http:\/\/desarrollo.grupomedios.com\/futbol\/destacado-home\/los-heroes-mexico-en-rio-2016\/2016\/08","title":{"rendered":"\u00a1Los h\u00e9roes de M\u00e9xico en R\u00edo 2016!"},"content":{"rendered":"<p>En\u00a0la edici\u00f3n XXXI de\u00a0los <strong>Juegos<\/strong> <strong>Ol\u00edmpicos R\u00edo 2016<\/strong> disputada en R\u00edo 2016, <strong>M\u00e9xico<\/strong>\u00a0acudi\u00f3 con un contingente hist\u00f3rico de 126 atletas. Para sorpresa de la mayor\u00eda, 19 de ellos lograron participar en finales, cinco se quedaron a la orilla de ganar una presea obteniendo un cuarto lugar y solo cinco subieron al podio.<\/p>\n<p>Ahora cuando la justa ha terminado y el fuego ol\u00edmpico est\u00e1 por extinguirse, recordamos a los medallistas\u00a0<strong>Misael Rodr\u00edguez, Ismael Hern\u00e1ndez, Germ\u00e1n S\u00e1nchez, Lupita Gonz\u00e1lez y Mar\u00eda del Rosario Espinosa<\/strong>, quienes han hecho vibrar a todo <strong>M\u00e9xico\u00a0<\/strong>con la anhelada conquista de alg\u00fan metal.<\/p>\n<p style=\"text-align: center;\"><a href=\"https:\/\/www.futboltotal.com.mx\/2016\/08\/los-heroes-mexico-en-rio-2016\/\"><span style=\"color: #3366ff;\"><strong>LEER M\u00c1S: Todas las noticias de Juegos Ol\u00edmpicos<\/strong><\/span><\/a><\/p>\n<p><script type=\"text\/javascript\" src=\"\/\/cdn.playbuzz.com\/widget\/feed.js\"><\/script><\/p>\n<div class=\"pb_feed\" data-embed-by=\"d43f3879-83ed-40bc-99d7-fde80605466f\" data-game=\"\/futboltotal\/los-medallista-de-m-xico-en-r-o-2016\" data-recommend=\"false\" data-game-info=\"false\"><\/div>\n","protected":false},"excerpt":{"rendered":"<p>Estos fueron los medallistas tricolores en los Juegos Ol\u00edmpicos  <\/p>\n","protected":false},"author":20,"featured_media":420482,"comment_status":"closed","ping_status":"closed","sticky":false,"template":"","format":"standard","meta":[],"categories":[7269,5,7182],"tags":[1911,65],"_links":{"self":[{"href":"http:\/\/desarrollo.grupomedios.com\/futbol\/wp-json\/wp\/v2\/posts\/420466"}],"collection":[{"href":"http:\/\/desarrollo.grupomedios.com\/futbol\/wp-json\/wp\/v2\/posts"}],"about":[{"href":"http:\/\/desarrollo.grupomedios.com\/futbol\/wp-json\/wp\/v2\/types\/post"}],"author":[{"embeddable":true,"href":"http:\/\/desarrollo.grupomedios.com\/futbol\/wp-json\/wp\/v2\/users\/20"}],"replies":[{"embeddable":true,"href":"http:\/\/desarrollo.grupomedios.com\/futbol\/wp-json\/wp\/v2\/comments?post=420466"}],"version-history":[{"count":0,"href":"http:\/\/desarrollo.grupomedios.com\/futbol\/wp-json\/wp\/v2\/posts\/420466\/revisions"}],"wp:featuredmedia":[{"embeddable":true,"href":"http:\/\/desarrollo.grupomedios.com\/futbol\/wp-json\/wp\/v2\/media\/420482"}],"wp:attachment":[{"href":"http:\/\/desarrollo.grupomedios.com\/futbol\/wp-json\/wp\/v2\/media?parent=420466"}],"wp:term":[{"taxonomy":"category","embeddable":true,"href":"http:\/\/desarrollo.grupomedios.com\/futbol\/wp-json\/wp\/v2\/categories?post=420466"},{"taxonomy":"post_tag","embeddable":true,"href":"http:\/\/desarrollo.grupomedios.com\/futbol\/wp-json\/wp\/v2\/tags?post=420466"}],"curies":[{"name":"wp","href":"https:\/\/api.w.org\/{rel}","templated":true}]}}