{"id":420674,"date":"2016-08-21T21:06:27","date_gmt":"2016-08-22T02:06:27","guid":{"rendered":"https:\/\/www.futboltotal.com.mx\/?p=420674"},"modified":"2016-08-21T21:06:27","modified_gmt":"2016-08-22T02:06:27","slug":"termina-la-fiesta-olimpica","status":"publish","type":"post","link":"http:\/\/desarrollo.grupomedios.com\/futbol\/destacado-home\/termina-la-fiesta-olimpica\/2016\/08","title":{"rendered":"\u00a1Termina la fiesta Ol\u00edmpica!"},"content":{"rendered":"<p>El presidente del Comit\u00e9 Ol\u00edmpico Internacional (COI), Thomas Bach, declar\u00f3 hoy clausurados los Juegos de la XXXI Olimpiada declarando que <strong>R\u00edo 2016<\/strong> fue &#8220;maravilloso&#8221;.<\/p>\n<p>El responsable del COI, afirm\u00f3 que fueron &#8220;unos <strong>Juegos Ol\u00edmpicos<\/strong> maravillosos en la Ciudad Maravillosa&#8221; y destac\u00f3 el &#8220;legado \u00fanico&#8221; que, seg\u00fan \u00e9l, dejar\u00e1 el evento para las generaciones futuras.<\/p>\n<p>Bach felicit\u00f3 a Brasil por la celebraci\u00f3n de los <strong>Juegos de R\u00edo 2016<\/strong> que, dijo, &#8220;fueron una celebraci\u00f3n de la diversidad de los valores ol\u00edmpicos&#8221;.<\/p>\n<p>&#8220;Felicidades Brasil, te queremos Brasil. Gracias por tu hospitalidad&#8221;, afirm\u00f3 y concluy\u00f3 su discurso en el Maracan\u00e1 con un &#8220;Bye, bye, R\u00edo&#8221;.<\/p>\n<p style=\"text-align: center;\"><span style=\"color: #3366ff;\"><a style=\"color: #3366ff;\" href=\"https:\/\/www.futboltotal.com.mx\/2016\/08\/pocas-medallas-las-mexico-en-rio-2016\/\" target=\"_blank\"><strong>LEER M\u00c1S: \u00bfSon pocas medallas para M\u00e9xico?<\/strong><\/a><\/span><\/p>\n<p>Adem\u00e1s de a Brasil, Bach agradeci\u00f3 a los voluntarios por su contribuci\u00f3n para la celebraci\u00f3n de los Juegos y a los atletas refugiados por &#8220;inspirar&#8221; al mundo.<\/p>\n<p>El presidente del Comit\u00e9 Organizador R\u00edo 2016, Carlos Arthur Nuzman, dijo que <strong>R\u00edo de Janeiro<\/strong> &#8220;hizo historia&#8221; y tuvo &#8220;\u00e9xito&#8221; en el &#8220;desaf\u00edo&#8221; de organizar los Juegos.<\/p>\n<p>&#8220;R\u00edo hizo historia, mostr\u00f3 su belleza y su capacidad para acoger el mayor evento del mundo&#8221;, dijo Nuzman, que resalt\u00f3 que &#8220;vali\u00f3 la pena cada segundo&#8221; dedicado a la organizaci\u00f3n.<\/p>\n<p>As\u00ed qued\u00f3 el medallero:<\/p>\n<p>Estados Unidos | 46 oros | 37 platas | 38 bronces | 121 medallas totales<\/p>\n<p>Reino Unido | 27 oros | 23 platas | 17 bronces | 67 medallas totales<\/p>\n<p>China | 26 oros | 18 platas | 26 bronces | 70 medallas totales<\/p>\n<p>Rusia | 19 oros | 18 platas | 19 bronces | 56 medallas totales<\/p>\n<p>Alemania | 17 oros | 10 platas | 15 bronces | 42 medallas totales<\/p>\n<p>&#8230;<\/p>\n<p>M\u00e9xico | 0 oros | 3 platas | 2 bronces | 5 medallas totales<\/p>\n","protected":false},"excerpt":{"rendered":"<p>COI oficializa el fin de los Juegos de R\u00edo, en ceremonia de Clausura<\/p>\n","protected":false},"author":144,"featured_media":420678,"comment_status":"closed","ping_status":"closed","sticky":false,"template":"","format":"standard","meta":[],"categories":[5,7182,7188],"tags":[1911],"_links":{"self":[{"href":"http:\/\/desarrollo.grupomedios.com\/futbol\/wp-json\/wp\/v2\/posts\/420674"}],"collection":[{"href":"http:\/\/desarrollo.grupomedios.com\/futbol\/wp-json\/wp\/v2\/posts"}],"about":[{"href":"http:\/\/desarrollo.grupomedios.com\/futbol\/wp-json\/wp\/v2\/types\/post"}],"author":[{"embeddable":true,"href":"http:\/\/desarrollo.grupomedios.com\/futbol\/wp-json\/wp\/v2\/users\/144"}],"replies":[{"embeddable":true,"href":"http:\/\/desarrollo.grupomedios.com\/futbol\/wp-json\/wp\/v2\/comments?post=420674"}],"version-history":[{"count":0,"href":"http:\/\/desarrollo.grupomedios.com\/futbol\/wp-json\/wp\/v2\/posts\/420674\/revisions"}],"wp:featuredmedia":[{"embeddable":true,"href":"http:\/\/desarrollo.grupomedios.com\/futbol\/wp-json\/wp\/v2\/media\/420678"}],"wp:attachment":[{"href":"http:\/\/desarrollo.grupomedios.com\/futbol\/wp-json\/wp\/v2\/media?parent=420674"}],"wp:term":[{"taxonomy":"category","embeddable":true,"href":"http:\/\/desarrollo.grupomedios.com\/futbol\/wp-json\/wp\/v2\/categories?post=420674"},{"taxonomy":"post_tag","embeddable":true,"href":"http:\/\/desarrollo.grupomedios.com\/futbol\/wp-json\/wp\/v2\/tags?post=420674"}],"curies":[{"name":"wp","href":"https:\/\/api.w.org\/{rel}","templated":true}]}}