{"id":420688,"date":"2016-08-22T09:00:33","date_gmt":"2016-08-22T14:00:33","guid":{"rendered":"https:\/\/www.futboltotal.com.mx\/?p=420688"},"modified":"2016-08-22T09:06:12","modified_gmt":"2016-08-22T14:06:12","slug":"11-ideal-la-jornada-6-del-apertura-2016","status":"publish","type":"post","link":"http:\/\/desarrollo.grupomedios.com\/futbol\/destacado-home\/11-ideal-la-jornada-6-del-apertura-2016\/2016\/08","title":{"rendered":"11 ideal de la jornada 6 | Apertura 2016"},"content":{"rendered":"<p>La <strong>jornada 6 del Apertura 2016<\/strong> se convirti\u00f3 en la jornada con m\u00e1s goles en la <strong>Liga MX<\/strong>, desde 2005, pues se anotaron 40 goles, ya que se dieron varios encuentros de muchas anotaciones y de espect\u00e1culo para la afici\u00f3n. Pero ello no se hubiese dado, de no haber sido por los protagonistas, quienes figuran en este <strong>11 ideal<\/strong>.<\/p>\n<p style=\"text-align: center;\"><span style=\"color: #3366ff;\"><a style=\"color: #3366ff;\" href=\"https:\/\/www.futboltotal.com.mx\/2016\/08\/xolos-suelta-la-cima\/\" target=\"_blank\"><strong>LEER M\u00c1S: El resumen de la jornada<\/strong> <\/a><\/span><\/p>\n<p><a href=\"https:\/\/www.futboltotal.com.mx\/wp-content\/uploads\/2016\/08\/11idealap16-jornada-6.jpg\"><img decoding=\"async\" loading=\"lazy\" class=\"alignnone size-full wp-image-420690\" src=\"https:\/\/www.futboltotal.com.mx\/wp-content\/uploads\/2016\/08\/11idealap16-jornada-6.jpg\" alt=\"11idealap16-jornada-6\" srcset=\"http:\/\/desarrollo.grupomedios.com\/futbol\/wp-content\/uploads\/2016\/08\/11idealap16-jornada-6.jpg 858w, http:\/\/desarrollo.grupomedios.com\/futbol\/wp-content\/uploads\/2016\/08\/11idealap16-jornada-6-215x300.jpg 215w, http:\/\/desarrollo.grupomedios.com\/futbol\/wp-content\/uploads\/2016\/08\/11idealap16-jornada-6-768x1071.jpg 768w, http:\/\/desarrollo.grupomedios.com\/futbol\/wp-content\/uploads\/2016\/08\/11idealap16-jornada-6-735x1024.jpg 735w\" sizes=\"(max-width: 858px) 100vw, 858px\" \/><\/a><\/p>\n<p><strong>Felipe Rodr\u00edguez | <a href=\"http:\/\/www.futboltotal.com.mx\/equipos\/morelia\/\" target=\"_blank\">Morelia<\/a><\/strong> | El cancerbero volvi\u00f3 a ser factor para que Monarcas sumara, pues salv\u00f3 su meta en cinco ocasiones, siendo el portero con m\u00e1s atajadas, en la jornada.<\/p>\n<p><strong>Adri\u00e1n Aldrete | <a href=\"http:\/\/www.futboltotal.com.mx\/equipos\/cruz-azul\/\" target=\"_blank\">Cruz Azul<\/a><\/strong> | Responde a la confianza que le brinda Tom\u00e1s Boy, con gran desempe\u00f1o en la cancha; ahora, colabor\u00f3 para que su equipo por fin ganara.<\/p>\n<p><strong>Pablo Aguilar |\u00a0<a href=\"http:\/\/www.futboltotal.com.mx\/equipos\/america\/\" target=\"_blank\">Am\u00e9rica<\/a><\/strong> | El zaguero se comport\u00f3 a gran altura para la visita de las \u00c1guilas a Puebla.<\/p>\n<p><strong>Edgar Due\u00f1as |\u00a0<a href=\"http:\/\/www.futboltotal.com.mx\/equipos\/puebla\/\" target=\"_blank\">Puebla<\/a><\/strong> | Pese a no ser el central titular, Due\u00f1as demostr\u00f3 experiencia y someti\u00f3 a Romero y a Quintero, durante gran parte del partido.<\/p>\n<p><strong>Paul Aguilar | Am\u00e9rica<\/strong> | Se mantuvo atento a la ofensiva y pudo anotar el gol con el que su equipo rescat\u00f3 un punto del Cuauht\u00e9moc.<\/p>\n<p><strong>Javier Cort\u00e9s | <a href=\"http:\/\/www.futboltotal.com.mx\/equipos\/unam\/\" target=\"_blank\">Pumas<\/a><\/strong> | El mediocampista auriazul tuvo un gran desempe\u00f1o, pues puso dos asistencias y dio pases de gran magnitud.<\/p>\n<p><strong>Jefferson Cuero | Morelia<\/strong> | Cuando ha sido necesario, el volante no le ha fallado a Enrique Meza, y en esta ocasi\u00f3n, marc\u00f3 un doblete que le dio la victoria a su equipo.<\/p>\n<p><strong>Ismael Sosa | <a href=\"http:\/\/www.futboltotal.com.mx\/equipos\/tigres\/\" target=\"_blank\">Tigres<\/a><\/strong> | Marc\u00f3 dos buenos goles a Pachuca, quien comienza a ser su v\u00edctima desde que arrib\u00f3 a tierras regiomontanas.<\/p>\n<p><strong>\u00c1ngel Zald\u00edvar | <a href=\"http:\/\/www.futboltotal.com.mx\/equipos\/guadalajara\/\" target=\"_blank\">Chivas<\/a><\/strong> | El centro delantero rojiblanco comienza a enracharse y con sus dos goles, el Reba\u00f1o empat\u00f3 en el Cl\u00e1sico Tapat\u00edo.<\/p>\n<p><strong>Mat\u00edas Britos | Pumas<\/strong> | La figura indiscutible de la jornada, al jugar en la posici\u00f3n de centro delantero y marcar triplete con el que los felinos se llevaron la victoria.<\/p>\n<p><strong>Gignac | Tigres<\/strong> | Marc\u00f3 doblete y dio asistencia, para demostrar que se mantiene en buen nivel y que volver\u00e1 a pelear por el t\u00edtulo de goleo.<\/p>\n","protected":false},"excerpt":{"rendered":"<p>Mat\u00edas Britos comanda a los protagonistas del fin de semana<\/p>\n","protected":false},"author":20,"featured_media":420692,"comment_status":"closed","ping_status":"closed","sticky":false,"template":"","format":"standard","meta":[],"categories":[5,2198,3845],"tags":[5623,6927],"_links":{"self":[{"href":"http:\/\/desarrollo.grupomedios.com\/futbol\/wp-json\/wp\/v2\/posts\/420688"}],"collection":[{"href":"http:\/\/desarrollo.grupomedios.com\/futbol\/wp-json\/wp\/v2\/posts"}],"about":[{"href":"http:\/\/desarrollo.grupomedios.com\/futbol\/wp-json\/wp\/v2\/types\/post"}],"author":[{"embeddable":true,"href":"http:\/\/desarrollo.grupomedios.com\/futbol\/wp-json\/wp\/v2\/users\/20"}],"replies":[{"embeddable":true,"href":"http:\/\/desarrollo.grupomedios.com\/futbol\/wp-json\/wp\/v2\/comments?post=420688"}],"version-history":[{"count":0,"href":"http:\/\/desarrollo.grupomedios.com\/futbol\/wp-json\/wp\/v2\/posts\/420688\/revisions"}],"wp:featuredmedia":[{"embeddable":true,"href":"http:\/\/desarrollo.grupomedios.com\/futbol\/wp-json\/wp\/v2\/media\/420692"}],"wp:attachment":[{"href":"http:\/\/desarrollo.grupomedios.com\/futbol\/wp-json\/wp\/v2\/media?parent=420688"}],"wp:term":[{"taxonomy":"category","embeddable":true,"href":"http:\/\/desarrollo.grupomedios.com\/futbol\/wp-json\/wp\/v2\/categories?post=420688"},{"taxonomy":"post_tag","embeddable":true,"href":"http:\/\/desarrollo.grupomedios.com\/futbol\/wp-json\/wp\/v2\/tags?post=420688"}],"curies":[{"name":"wp","href":"https:\/\/api.w.org\/{rel}","templated":true}]}}