{"id":420708,"date":"2016-08-22T09:47:33","date_gmt":"2016-08-22T14:47:33","guid":{"rendered":"https:\/\/www.futboltotal.com.mx\/?p=420708"},"modified":"2016-08-22T09:47:33","modified_gmt":"2016-08-22T14:47:33","slug":"exponen-intimidad-usain-bolt","status":"publish","type":"post","link":"http:\/\/desarrollo.grupomedios.com\/futbol\/no-todo-es-futbol\/exponen-intimidad-usain-bolt\/2016\/08","title":{"rendered":"\u00a1\u00bfExponen intimidad de Usain Bolt?!"},"content":{"rendered":"<p>Tras culminar los <strong>Juegos Ol\u00edmpicos de R\u00edo de Janeiro 2016<\/strong>, <strong>Usain Bolt<\/strong> se mantiene en el ojo del medio, debido a que se divulgaron fotos y video, de c\u00f3mo festej\u00f3 el velocista en la ciudad costera carioza; lo malo, es que su boda se estar\u00eda cancelando, debido a la dimensi\u00f3n de las celebraciones del hombre m\u00e1s veloz de la tierra.<\/p>\n<p>A trav\u00e9s de redes sociales, se divulgaron fotograf\u00edas de <strong>Usain Bolt<\/strong> en aparente intimidad con una estudiante brasile\u00f1a de 20 a\u00f1os, quien, en una entrevista con la prensa brasile\u00f1a, revel\u00f3 que desconoc\u00eda qui\u00e9n era el atleta con quien estuvo, hasta que sus fotos se volvieron virales.<\/p>\n<p style=\"text-align: center;\"><span style=\"color: #3366ff;\"><a style=\"color: #3366ff;\" href=\"https:\/\/www.futboltotal.com.mx\/2016\/08\/rompen-record-usain-bolt\/\" target=\"_blank\"><strong>LEER M\u00c1S: \u00bfRompen r\u00e9cord de Usain Bolt?<\/strong><\/a><\/span><\/p>\n<p><a href=\"https:\/\/www.futboltotal.com.mx\/wp-content\/uploads\/2016\/08\/FOTOS-USAIN-BOLT.jpg\"><img decoding=\"async\" loading=\"lazy\" class=\"alignnone size-full wp-image-420710\" src=\"https:\/\/www.futboltotal.com.mx\/wp-content\/uploads\/2016\/08\/FOTOS-USAIN-BOLT.jpg\" alt=\"FOTOS-USAIN-BOLT\" srcset=\"http:\/\/desarrollo.grupomedios.com\/futbol\/wp-content\/uploads\/2016\/08\/FOTOS-USAIN-BOLT.jpg 858w, http:\/\/desarrollo.grupomedios.com\/futbol\/wp-content\/uploads\/2016\/08\/FOTOS-USAIN-BOLT-300x151.jpg 300w, http:\/\/desarrollo.grupomedios.com\/futbol\/wp-content\/uploads\/2016\/08\/FOTOS-USAIN-BOLT-768x386.jpg 768w, http:\/\/desarrollo.grupomedios.com\/futbol\/wp-content\/uploads\/2016\/08\/FOTOS-USAIN-BOLT-340x171.jpg 340w\" sizes=\"(max-width: 858px) 100vw, 858px\" \/><\/a><\/p>\n<p>\u201cNunca quise ser famosa. Es algo negativo. Me muero de la verg\u00fcenza. No fue la gran cosa. Fue algo normal. Prefiero no hablar de eso para no complicar lo sucedido\u201d, se\u00f1al\u00f3 Jady Duarte, la chica con la que aparentemente intim\u00f3 <strong>Usain Bolt<\/strong>, quien estaba comprometido con Kasi Bennett.<\/p>\n<p>Adem\u00e1s, <strong>Usain Bolt<\/strong> tambi\u00e9n fue grabado durante la celebraci\u00f3n de sus 30 a\u00f1os en un bar de R\u00edo, donde se le ve bailando y disfrutando, del espect\u00e1culo que ofrec\u00eda la ciudad sede de los Juegos Ol\u00edmpicos.<\/p>\n<blockquote class=\"instagram-media\" style=\"background: #FFF; border: 0; border-radius: 3px; box-shadow: 0 0 1px 0 rgba(0,0,0,0.5),0 1px 10px 0 rgba(0,0,0,0.15); margin: 1px; max-width: 658px; padding: 0; width: calc(100% - 2px);\" data-instgrm-captioned=\"\" data-instgrm-version=\"7\">\n<div style=\"padding: 8px;\">\n<div style=\"background: #F8F8F8; line-height: 0; margin-top: 40px; padding: 50.0% 0; text-align: center; width: 100%;\"><\/div>\n<p style=\"margin: 8px 0 0 0; padding: 0 4px;\"><a style=\"color: #000; font-family: Arial,sans-serif; font-size: 14px; font-style: normal; font-weight: normal; line-height: 17px; text-decoration: none; word-wrap: break-word;\" href=\"https:\/\/www.instagram.com\/p\/BJYYbf5jAq-\/\" target=\"_blank\">Bolt n\u00e3o sai mais do brasil kkkkk Galud\u00e3o ontem na all inn  #ErrejOta #Jamaica<\/a><\/p>\n<p style=\"color: #c9c8cd; font-family: Arial,sans-serif; font-size: 14px; line-height: 17px; margin-bottom: 0; margin-top: 8px; overflow: hidden; padding: 8px 0 7px; text-align: center; text-overflow: ellipsis; white-space: nowrap;\">Un v\u00eddeo publicado por Gagau Tavares (@gagautavares) el <time style=\"font-family: Arial,sans-serif; font-size: 14px; line-height: 17px;\" datetime=\"2016-08-21T18:34:02+00:00\">21 de Ago de 2016 a la(s) 11:34 PDT<\/time><\/p>\n<\/div>\n<\/blockquote>\n<p><script async defer src=\"\/\/platform.instagram.com\/en_US\/embeds.js\"><\/script><\/p>\n","protected":false},"excerpt":{"rendered":"<p>Dan a conocer c\u00f3mo festej\u00f3 el jamaiquino en R\u00edo<\/p>\n","protected":false},"author":20,"featured_media":420712,"comment_status":"closed","ping_status":"closed","sticky":false,"template":"","format":"standard","meta":[],"categories":[5419,5418,6411,5813],"tags":[5460,1793],"_links":{"self":[{"href":"http:\/\/desarrollo.grupomedios.com\/futbol\/wp-json\/wp\/v2\/posts\/420708"}],"collection":[{"href":"http:\/\/desarrollo.grupomedios.com\/futbol\/wp-json\/wp\/v2\/posts"}],"about":[{"href":"http:\/\/desarrollo.grupomedios.com\/futbol\/wp-json\/wp\/v2\/types\/post"}],"author":[{"embeddable":true,"href":"http:\/\/desarrollo.grupomedios.com\/futbol\/wp-json\/wp\/v2\/users\/20"}],"replies":[{"embeddable":true,"href":"http:\/\/desarrollo.grupomedios.com\/futbol\/wp-json\/wp\/v2\/comments?post=420708"}],"version-history":[{"count":0,"href":"http:\/\/desarrollo.grupomedios.com\/futbol\/wp-json\/wp\/v2\/posts\/420708\/revisions"}],"wp:featuredmedia":[{"embeddable":true,"href":"http:\/\/desarrollo.grupomedios.com\/futbol\/wp-json\/wp\/v2\/media\/420712"}],"wp:attachment":[{"href":"http:\/\/desarrollo.grupomedios.com\/futbol\/wp-json\/wp\/v2\/media?parent=420708"}],"wp:term":[{"taxonomy":"category","embeddable":true,"href":"http:\/\/desarrollo.grupomedios.com\/futbol\/wp-json\/wp\/v2\/categories?post=420708"},{"taxonomy":"post_tag","embeddable":true,"href":"http:\/\/desarrollo.grupomedios.com\/futbol\/wp-json\/wp\/v2\/tags?post=420708"}],"curies":[{"name":"wp","href":"https:\/\/api.w.org\/{rel}","templated":true}]}}