{"id":420732,"date":"2016-08-22T10:53:48","date_gmt":"2016-08-22T15:53:48","guid":{"rendered":"https:\/\/www.futboltotal.com.mx\/?p=420732"},"modified":"2016-08-22T10:57:10","modified_gmt":"2016-08-22T15:57:10","slug":"milicia-nacional-da-medallas-a-mexico","status":"publish","type":"post","link":"http:\/\/desarrollo.grupomedios.com\/futbol\/destacado-home\/milicia-nacional-da-medallas-a-mexico\/2016\/08","title":{"rendered":"\u00a1Milicia nacional da medallas a M\u00e9xico!"},"content":{"rendered":"<p>Muchos aficionados y especialistas, criticaron a la CONADE por no dar el suficiente apoyo a la delegaci\u00f3n mexicana que compiti\u00f3 en <strong>R\u00edo de Janeiro 2016<\/strong>, y que por eso, los atletas nacionales obtuvieron pocas preseas durante la competencia.<\/p>\n<p>Es por eso, que tras haber concluido los <strong>Juegos Ol\u00edmpicos<\/strong>, destac\u00f3 una peculiaridad entre los atletas que regresaron con medalla, ya que cuatro de los cinco, s\u00ed tuvieron un apoyo durante todo su proceso rumbo y durante <strong>R\u00edo 2016<\/strong>, y no precisamente, de la CONADE.<\/p>\n<p>Guadalupe Gonz\u00e1lez, Mar\u00eda de Rosario Espinoza, Ismael Hern\u00e1ndez y Germ\u00e1n S\u00e1nchez, pertenecen a las <strong>Fuerzas Armadas<\/strong> nacionales, por ello, recibieron apoyo militar antes, durante y despu\u00e9s de su participaci\u00f3n en <strong>R\u00edo de Janeiro 2016.<\/strong><\/p>\n<p>Guadalupe Gonz\u00e1lez, quien obtuvo medalla de plata en caminata de 20 kil\u00f3metros, es teniente de corbeta de la Secretar\u00eda de Marina; Mar\u00eda del Rosario Espinoza, la taekwondo\u00edn, es cabo auxiliar en educaci\u00f3n f\u00edsica de la <strong>Secretar\u00eda de la Defensa Nacional<\/strong>.<\/p>\n<p style=\"text-align: center;\"><span style=\"color: #3366ff;\"><a style=\"color: #3366ff;\" href=\"https:\/\/www.futboltotal.com.mx\/2016\/08\/pocas-medallas-las-mexico-en-rio-2016\/\" target=\"_blank\"><strong>LEER M\u00c1S: \u00bfSon pocas medallas las de M\u00e9xico en R\u00edo 2016?<\/strong><\/a><\/span><\/p>\n<p>Germ\u00e1n S\u00e1nchez, quien gan\u00f3 la medalla de plata en clavados de plataforma de 10 metros, e Ismael Hern\u00e1ndez, que obtuvo Bronce en pentatl\u00f3n moderno, son cabos en educaci\u00f3n f\u00edsica.<\/p>\n<blockquote class=\"twitter-tweet\" data-lang=\"es\">\n<p dir=\"ltr\" lang=\"es\">Felicidades compa\u00f1eros militares deportistas ol\u00edmpicos: plata en Tae kwon Do, plataforma 10 mts y bronce pentatl\u00f3n <a href=\"https:\/\/t.co\/pUC1m9YtdN\">pic.twitter.com\/pUC1m9YtdN<\/a><\/p>\n<p>\u2014 SEDENA M\u00e9xico (@SEDENAmx) <a href=\"https:\/\/twitter.com\/SEDENAmx\/status\/767542603529134080\">22 de agosto de 2016<\/a><\/p><\/blockquote>\n<p><script async src=\"\/\/platform.twitter.com\/widgets.js\" charset=\"utf-8\"><\/script><\/p>\n<blockquote class=\"twitter-tweet\" data-lang=\"es\">\n<p dir=\"ltr\" lang=\"es\">Gran ejemplo para la juventud mexicana, enhorabuena por los atletas de <a href=\"https:\/\/twitter.com\/SEDENAmx\">@sedenamx<\/a> <a href=\"https:\/\/twitter.com\/SEMAR_mx\">@semar_mx<\/a> : <a href=\"https:\/\/t.co\/whDxAtQTCb\">pic.twitter.com\/whDxAtQTCb<\/a><\/p>\n<p>\u2014 SEMAR M\u00e9xico (@SEMAR_mx) <a href=\"https:\/\/twitter.com\/SEMAR_mx\/status\/767377460841238528\">21 de agosto de 2016<\/a><\/p><\/blockquote>\n<p><script async src=\"\/\/platform.twitter.com\/widgets.js\" charset=\"utf-8\"><\/script><\/p>\n","protected":false},"excerpt":{"rendered":"<p>Cuatro de los cinco medallistas, pertenecen a Fuerzas Armadas<\/p>\n","protected":false},"author":20,"featured_media":420734,"comment_status":"closed","ping_status":"closed","sticky":false,"template":"","format":"standard","meta":[],"categories":[7269,5,7182,5418,6411],"tags":[1911],"_links":{"self":[{"href":"http:\/\/desarrollo.grupomedios.com\/futbol\/wp-json\/wp\/v2\/posts\/420732"}],"collection":[{"href":"http:\/\/desarrollo.grupomedios.com\/futbol\/wp-json\/wp\/v2\/posts"}],"about":[{"href":"http:\/\/desarrollo.grupomedios.com\/futbol\/wp-json\/wp\/v2\/types\/post"}],"author":[{"embeddable":true,"href":"http:\/\/desarrollo.grupomedios.com\/futbol\/wp-json\/wp\/v2\/users\/20"}],"replies":[{"embeddable":true,"href":"http:\/\/desarrollo.grupomedios.com\/futbol\/wp-json\/wp\/v2\/comments?post=420732"}],"version-history":[{"count":0,"href":"http:\/\/desarrollo.grupomedios.com\/futbol\/wp-json\/wp\/v2\/posts\/420732\/revisions"}],"wp:featuredmedia":[{"embeddable":true,"href":"http:\/\/desarrollo.grupomedios.com\/futbol\/wp-json\/wp\/v2\/media\/420734"}],"wp:attachment":[{"href":"http:\/\/desarrollo.grupomedios.com\/futbol\/wp-json\/wp\/v2\/media?parent=420732"}],"wp:term":[{"taxonomy":"category","embeddable":true,"href":"http:\/\/desarrollo.grupomedios.com\/futbol\/wp-json\/wp\/v2\/categories?post=420732"},{"taxonomy":"post_tag","embeddable":true,"href":"http:\/\/desarrollo.grupomedios.com\/futbol\/wp-json\/wp\/v2\/tags?post=420732"}],"curies":[{"name":"wp","href":"https:\/\/api.w.org\/{rel}","templated":true}]}}