{"id":420760,"date":"2016-08-22T13:21:20","date_gmt":"2016-08-22T18:21:20","guid":{"rendered":"https:\/\/www.futboltotal.com.mx\/?p=420760"},"modified":"2016-08-22T13:21:20","modified_gmt":"2016-08-22T18:21:20","slug":"los-mejores-memes-rio-2016","status":"publish","type":"post","link":"http:\/\/desarrollo.grupomedios.com\/futbol\/galerias\/los-mejores-memes-rio-2016\/2016\/08","title":{"rendered":"Los mejores Memes de R\u00edo 2016"},"content":{"rendered":"<p>Los <strong>Juegos Ol\u00edmpicos<\/strong> terminaron, pero, a un d\u00eda de la clausura de <strong>R\u00edo de Janeiro<\/strong>, el mundo a\u00fan tiene algo de resaca por la competencia, por eso revivimos, los mejores <strong>Memes<\/strong> de la justa deportiva m\u00e1s importante del planeta.<\/p>\n<p style=\"text-align: center;\"><span style=\"color: #3366ff;\"><a style=\"color: #3366ff;\" href=\"https:\/\/www.futboltotal.com.mx\/2016\/08\/milicia-nacional-da-medallas-a-mexico\/\" target=\"_blank\"><strong>LEER M\u00c1S: Milicia nacional dio medallas a M\u00e9xico en R\u00edo<\/strong><\/a><\/span><\/p>\n<div id=\"galleryAuJ\" style=\"display:none;\"><img alt=\"\" src=\"http:\/\/desarrollo.grupomedios.com\/futbol\/wp-content\/uploads\/2016\/08\/14054023_1132615336796629_2094793394011469433_n.jpg\" data-image=\"http:\/\/desarrollo.grupomedios.com\/futbol\/wp-content\/uploads\/2016\/08\/14054023_1132615336796629_2094793394011469433_n.jpg\" data-description=\"14054023_1132615336796629_2094793394011469433_n\"><img alt=\"\" src=\"http:\/\/desarrollo.grupomedios.com\/futbol\/wp-content\/uploads\/2016\/08\/Captura-de-pantalla-2016-08-22-a-las-13.05.58.png\" data-image=\"http:\/\/desarrollo.grupomedios.com\/futbol\/wp-content\/uploads\/2016\/08\/Captura-de-pantalla-2016-08-22-a-las-13.05.58.png\" data-description=\"Captura de pantalla 2016-08-22 a la(s) 13.05.58\"><img alt=\"\" src=\"http:\/\/desarrollo.grupomedios.com\/futbol\/wp-content\/uploads\/2016\/08\/Captura-de-pantalla-2016-08-22-a-las-13.06.19.png\" data-image=\"http:\/\/desarrollo.grupomedios.com\/futbol\/wp-content\/uploads\/2016\/08\/Captura-de-pantalla-2016-08-22-a-las-13.06.19.png\" data-description=\"Captura de pantalla 2016-08-22 a la(s) 13.06.19\"><img alt=\"\" src=\"http:\/\/desarrollo.grupomedios.com\/futbol\/wp-content\/uploads\/2016\/08\/Captura-de-pantalla-2016-08-22-a-las-13.06.51.png\" data-image=\"http:\/\/desarrollo.grupomedios.com\/futbol\/wp-content\/uploads\/2016\/08\/Captura-de-pantalla-2016-08-22-a-las-13.06.51.png\" data-description=\"Captura de pantalla 2016-08-22 a la(s) 13.06.51\"><img alt=\"\" src=\"http:\/\/desarrollo.grupomedios.com\/futbol\/wp-content\/uploads\/2016\/08\/Captura-de-pantalla-2016-08-22-a-las-13.07.04.png\" data-image=\"http:\/\/desarrollo.grupomedios.com\/futbol\/wp-content\/uploads\/2016\/08\/Captura-de-pantalla-2016-08-22-a-las-13.07.04.png\" data-description=\"Captura de pantalla 2016-08-22 a la(s) 13.07.04\"><img alt=\"\" src=\"http:\/\/desarrollo.grupomedios.com\/futbol\/wp-content\/uploads\/2016\/08\/Captura-de-pantalla-2016-08-22-a-las-13.08.20.png\" data-image=\"http:\/\/desarrollo.grupomedios.com\/futbol\/wp-content\/uploads\/2016\/08\/Captura-de-pantalla-2016-08-22-a-las-13.08.20.png\" data-description=\"Captura de pantalla 2016-08-22 a la(s) 13.08.20\"><img alt=\"\" src=\"http:\/\/desarrollo.grupomedios.com\/futbol\/wp-content\/uploads\/2016\/08\/Captura-de-pantalla-2016-08-22-a-las-13.08.35.png\" data-image=\"http:\/\/desarrollo.grupomedios.com\/futbol\/wp-content\/uploads\/2016\/08\/Captura-de-pantalla-2016-08-22-a-las-13.08.35.png\" data-description=\"Captura de pantalla 2016-08-22 a la(s) 13.08.35\"><img alt=\"\" src=\"http:\/\/desarrollo.grupomedios.com\/futbol\/wp-content\/uploads\/2016\/08\/Captura-de-pantalla-2016-08-22-a-las-13.08.57.png\" data-image=\"http:\/\/desarrollo.grupomedios.com\/futbol\/wp-content\/uploads\/2016\/08\/Captura-de-pantalla-2016-08-22-a-las-13.08.57.png\" data-description=\"Captura de pantalla 2016-08-22 a la(s) 13.08.57\"><img alt=\"\" src=\"http:\/\/desarrollo.grupomedios.com\/futbol\/wp-content\/uploads\/2016\/08\/13938408_1215840331813113_3137967208690661091_n.jpg\" data-image=\"http:\/\/desarrollo.grupomedios.com\/futbol\/wp-content\/uploads\/2016\/08\/13938408_1215840331813113_3137967208690661091_n.jpg\" data-description=\"13938408_1215840331813113_3137967208690661091_n\"><img alt=\"\" src=\"http:\/\/desarrollo.grupomedios.com\/futbol\/wp-content\/uploads\/2016\/08\/13934564_844865685650725_2560543647771565691_n.jpg\" data-image=\"http:\/\/desarrollo.grupomedios.com\/futbol\/wp-content\/uploads\/2016\/08\/13934564_844865685650725_2560543647771565691_n.jpg\" data-description=\"13934564_844865685650725_2560543647771565691_n\"><img alt=\"\" src=\"http:\/\/desarrollo.grupomedios.com\/futbol\/wp-content\/uploads\/2016\/08\/13962709_1128267623898067_6648696308061096112_n.jpg\" data-image=\"http:\/\/desarrollo.grupomedios.com\/futbol\/wp-content\/uploads\/2016\/08\/13962709_1128267623898067_6648696308061096112_n.jpg\" data-description=\"13962709_1128267623898067_6648696308061096112_n\"><img alt=\"\" src=\"http:\/\/desarrollo.grupomedios.com\/futbol\/wp-content\/uploads\/2016\/08\/14021591_1131861583538671_4289809267579002282_n.jpg\" data-image=\"http:\/\/desarrollo.grupomedios.com\/futbol\/wp-content\/uploads\/2016\/08\/14021591_1131861583538671_4289809267579002282_n.jpg\" data-description=\"14021591_1131861583538671_4289809267579002282_n\"><img alt=\"\" src=\"http:\/\/desarrollo.grupomedios.com\/futbol\/wp-content\/uploads\/2016\/08\/14022248_1130620120329484_6143655594780215582_n.jpg\" data-image=\"http:\/\/desarrollo.grupomedios.com\/futbol\/wp-content\/uploads\/2016\/08\/14022248_1130620120329484_6143655594780215582_n.jpg\" data-description=\"14022248_1130620120329484_6143655594780215582_n\"><img alt=\"\" src=\"http:\/\/desarrollo.grupomedios.com\/futbol\/wp-content\/uploads\/2016\/08\/14034791_1418504188165556_4484857795290342271_n.jpg\" data-image=\"http:\/\/desarrollo.grupomedios.com\/futbol\/wp-content\/uploads\/2016\/08\/14034791_1418504188165556_4484857795290342271_n.jpg\" data-description=\"14034791_1418504188165556_4484857795290342271_n\"><img alt=\"\" src=\"http:\/\/desarrollo.grupomedios.com\/futbol\/wp-content\/uploads\/2016\/08\/14034796_1419417004740941_6252995377045826138_n.jpg\" data-image=\"http:\/\/desarrollo.grupomedios.com\/futbol\/wp-content\/uploads\/2016\/08\/14034796_1419417004740941_6252995377045826138_n.jpg\" data-description=\"14034796_1419417004740941_6252995377045826138_n\"><img alt=\"\" src=\"http:\/\/desarrollo.grupomedios.com\/futbol\/wp-content\/uploads\/2016\/08\/14063961_1131600203564809_1409014738041335498_n.jpg\" data-image=\"http:\/\/desarrollo.grupomedios.com\/futbol\/wp-content\/uploads\/2016\/08\/14063961_1131600203564809_1409014738041335498_n.jpg\" data-description=\"14063961_1131600203564809_1409014738041335498_n\"><img alt=\"\" src=\"http:\/\/desarrollo.grupomedios.com\/futbol\/wp-content\/uploads\/2016\/08\/14040168_1129256303799199_4408141155695142277_n.jpg\" data-image=\"http:\/\/desarrollo.grupomedios.com\/futbol\/wp-content\/uploads\/2016\/08\/14040168_1129256303799199_4408141155695142277_n.jpg\" data-description=\"14040168_1129256303799199_4408141155695142277_n\"><img alt=\"\" src=\"http:\/\/desarrollo.grupomedios.com\/futbol\/wp-content\/uploads\/2016\/08\/14051805_1127434093981420_3558539684907233059_n.jpg\" data-image=\"http:\/\/desarrollo.grupomedios.com\/futbol\/wp-content\/uploads\/2016\/08\/14051805_1127434093981420_3558539684907233059_n.jpg\" data-description=\"14051805_1127434093981420_3558539684907233059_n\"><img alt=\"\" src=\"http:\/\/desarrollo.grupomedios.com\/futbol\/wp-content\/uploads\/2016\/08\/14054978_1419290668086908_8013416445956847541_n.jpg\" data-image=\"http:\/\/desarrollo.grupomedios.com\/futbol\/wp-content\/uploads\/2016\/08\/14054978_1419290668086908_8013416445956847541_n.jpg\" data-description=\"14054978_1419290668086908_8013416445956847541_n\"><img alt=\"\" src=\"http:\/\/desarrollo.grupomedios.com\/futbol\/wp-content\/uploads\/2016\/08\/14063930_845047522299208_7060952968622434102_n.jpg\" data-image=\"http:\/\/desarrollo.grupomedios.com\/futbol\/wp-content\/uploads\/2016\/08\/14063930_845047522299208_7060952968622434102_n.jpg\" data-description=\"14063930_845047522299208_7060952968622434102_n\"><img alt=\"\" src=\"http:\/\/desarrollo.grupomedios.com\/futbol\/wp-content\/uploads\/2016\/08\/14067701_1130113287046834_3063358577141328213_n.jpg\" data-image=\"http:\/\/desarrollo.grupomedios.com\/futbol\/wp-content\/uploads\/2016\/08\/14067701_1130113287046834_3063358577141328213_n.jpg\" data-description=\"14067701_1130113287046834_3063358577141328213_n\"><img alt=\"\" src=\"http:\/\/desarrollo.grupomedios.com\/futbol\/wp-content\/uploads\/2016\/08\/14068210_1131710773553752_4311990583906396188_n.jpg\" data-image=\"http:\/\/desarrollo.grupomedios.com\/futbol\/wp-content\/uploads\/2016\/08\/14068210_1131710773553752_4311990583906396188_n.jpg\" data-description=\"14068210_1131710773553752_4311990583906396188_n\"><img alt=\"\" src=\"http:\/\/desarrollo.grupomedios.com\/futbol\/wp-content\/uploads\/2016\/08\/14079766_1419242764758365_34786572426651405_n.jpg\" data-image=\"http:\/\/desarrollo.grupomedios.com\/futbol\/wp-content\/uploads\/2016\/08\/14079766_1419242764758365_34786572426651405_n.jpg\" data-description=\"14079766_1419242764758365_34786572426651405_n\"><img alt=\"\" src=\"http:\/\/desarrollo.grupomedios.com\/futbol\/wp-content\/uploads\/2016\/08\/14100247_1131704293554400_7670026487252914763_n.jpg\" data-image=\"http:\/\/desarrollo.grupomedios.com\/futbol\/wp-content\/uploads\/2016\/08\/14100247_1131704293554400_7670026487252914763_n.jpg\" data-description=\"14100247_1131704293554400_7670026487252914763_n\"><img alt=\"\" src=\"http:\/\/desarrollo.grupomedios.com\/futbol\/wp-content\/uploads\/2016\/08\/14102184_1131875016870661_820738025761275128_n.jpg\" data-image=\"http:\/\/desarrollo.grupomedios.com\/futbol\/wp-content\/uploads\/2016\/08\/14102184_1131875016870661_820738025761275128_n.jpg\" data-description=\"14102184_1131875016870661_820738025761275128_n\"><img alt=\"\" src=\"http:\/\/desarrollo.grupomedios.com\/futbol\/wp-content\/uploads\/2016\/08\/CpuYYf7XgAAVSUw.jpg_large.jpg\" data-image=\"http:\/\/desarrollo.grupomedios.com\/futbol\/wp-content\/uploads\/2016\/08\/CpuYYf7XgAAVSUw.jpg_large.jpg\" data-description=\"CpuYYf7XgAAVSUw.jpg_large\"><\/div>\n        <script>\n        \/\/galeria 1\n        jQuery(document).ready(function(){ \n            var api;\n            api = jQuery(\"#galleryAuJ\").unitegallery({\n                carousel_autoplay: false\n            }); \n        });\n        <\/script>\n        \n","protected":false},"excerpt":{"rendered":"<p>\u00a1Lleg\u00f3 la descripci\u00f3n gr\u00e1fica de los Juegos Ol\u00edmpicos!<\/p>\n","protected":false},"author":20,"featured_media":420816,"comment_status":"closed","ping_status":"closed","sticky":false,"template":"","format":"standard","meta":[],"categories":[5419,3,7182,6409],"tags":[1911,4949],"_links":{"self":[{"href":"http:\/\/desarrollo.grupomedios.com\/futbol\/wp-json\/wp\/v2\/posts\/420760"}],"collection":[{"href":"http:\/\/desarrollo.grupomedios.com\/futbol\/wp-json\/wp\/v2\/posts"}],"about":[{"href":"http:\/\/desarrollo.grupomedios.com\/futbol\/wp-json\/wp\/v2\/types\/post"}],"author":[{"embeddable":true,"href":"http:\/\/desarrollo.grupomedios.com\/futbol\/wp-json\/wp\/v2\/users\/20"}],"replies":[{"embeddable":true,"href":"http:\/\/desarrollo.grupomedios.com\/futbol\/wp-json\/wp\/v2\/comments?post=420760"}],"version-history":[{"count":0,"href":"http:\/\/desarrollo.grupomedios.com\/futbol\/wp-json\/wp\/v2\/posts\/420760\/revisions"}],"wp:featuredmedia":[{"embeddable":true,"href":"http:\/\/desarrollo.grupomedios.com\/futbol\/wp-json\/wp\/v2\/media\/420816"}],"wp:attachment":[{"href":"http:\/\/desarrollo.grupomedios.com\/futbol\/wp-json\/wp\/v2\/media?parent=420760"}],"wp:term":[{"taxonomy":"category","embeddable":true,"href":"http:\/\/desarrollo.grupomedios.com\/futbol\/wp-json\/wp\/v2\/categories?post=420760"},{"taxonomy":"post_tag","embeddable":true,"href":"http:\/\/desarrollo.grupomedios.com\/futbol\/wp-json\/wp\/v2\/tags?post=420760"}],"curies":[{"name":"wp","href":"https:\/\/api.w.org\/{rel}","templated":true}]}}