{"id":420856,"date":"2016-08-22T15:28:46","date_gmt":"2016-08-22T20:28:46","guid":{"rendered":"https:\/\/www.futboltotal.com.mx\/?p=420856"},"modified":"2016-08-22T15:28:46","modified_gmt":"2016-08-22T20:28:46","slug":"comparan-a-salcedo-chiellini","status":"publish","type":"post","link":"http:\/\/desarrollo.grupomedios.com\/futbol\/destacado-home\/comparan-a-salcedo-chiellini\/2016\/08","title":{"rendered":"\u00a1Comparan a Salcedo con Chiellini!"},"content":{"rendered":"<p>Este lunes 22 de agosto, <strong>Carlos Salcedo<\/strong> lleg\u00f3 a Italia para iniciar un nuevo camino en su carrera, y aunque a\u00fan no es presentado oficialmente con su nuevo equipo, la <strong>Fiorentina<\/strong>, ya lo comparan con uno de los mejores defensas del momento en la Serie A: <strong>Giorgio Chiellini<\/strong>.<\/p>\n<p>\u201cHaciendo sus debidas proporciones, lo comparar\u00eda con <strong>Chiellini<\/strong>, aunque s\u00ed hay grandes diferencias de momento. No es un defensa &#8216;a lo Bonucci&#8217;, t\u00e9cnicamente dotado, ni capaz de habilitar a los atacantes. Tiene garra y es rocoso como Chiellini\u201d, se\u00f1al\u00f3 Alessandro Monfrecola, representante de futbolistas italiano, a <em>Violanews<\/em>.<\/p>\n<p style=\"text-align: center;\"><span style=\"color: #3366ff;\"><a style=\"color: #3366ff;\" href=\"https:\/\/www.futboltotal.com.mx\/2016\/08\/salcedo-oferta-otros-clubes\/\" target=\"_blank\"><strong>LEER M\u00c1S: Salcedo tuvo oferta de otros clubes<\/strong><\/a><\/span><\/p>\n<p>La llegada de Carlos Salcedo a la Fiorentina ha creado mucha expectativa, por eso el cuadro italiano lo recibi\u00f3 con los brazos abiertos y ya prepara su presentaci\u00f3n oficial.<\/p>\n<blockquote class=\"twitter-tweet\" data-lang=\"es\">\n<p dir=\"ltr\" lang=\"it\">L&#8217;arrivo di Salcedo a Firenze <a href=\"https:\/\/t.co\/YVZ6qgu698\">https:\/\/t.co\/YVZ6qgu698<\/a> <a href=\"https:\/\/twitter.com\/hashtag\/WeAreFlorence?src=hash\">#WeAreFlorence<\/a> <a href=\"https:\/\/twitter.com\/hashtag\/forzaviola?src=hash\">#forzaviola<\/a> <a href=\"https:\/\/t.co\/BPNfwpRFtf\">pic.twitter.com\/BPNfwpRFtf<\/a><\/p>\n<p>\u2014 ACF Fiorentina (@acffiorentina) <a href=\"https:\/\/twitter.com\/acffiorentina\/status\/767798851008884740\">22 de agosto de 2016<\/a><\/p><\/blockquote>\n<p><script async src=\"\/\/platform.twitter.com\/widgets.js\" charset=\"utf-8\"><\/script><\/p>\n<p><iframe loading=\"lazy\" style=\"border: none; overflow: hidden;\" src=\"https:\/\/www.facebook.com\/plugins\/video.php?href=https%3A%2F%2Fwww.facebook.com%2FACFFiorentina%2Fvideos%2F1239885719375955%2F&amp;show_text=0&amp;width=400\" frameborder=\"0\" scrolling=\"no\" allowfullscreen=\"allowfullscreen\"><\/iframe><\/p>\n<p><iframe loading=\"lazy\" style=\"border: none; overflow: hidden;\" src=\"https:\/\/www.facebook.com\/plugins\/post.php?href=https%3A%2F%2Fwww.facebook.com%2FACFFiorentina%2Fposts%2F1239911019373425&amp;width=500\" frameborder=\"0\" scrolling=\"no\"><\/iframe><\/p>\n","protected":false},"excerpt":{"rendered":"<p>El Tit\u00e1n arrib\u00f3 a Italia para iniciar sue\u00f1o europeo<\/p>\n","protected":false},"author":20,"featured_media":420858,"comment_status":"closed","ping_status":"closed","sticky":false,"template":"","format":"standard","meta":[],"categories":[5,3839,6718],"tags":[5531,4545],"_links":{"self":[{"href":"http:\/\/desarrollo.grupomedios.com\/futbol\/wp-json\/wp\/v2\/posts\/420856"}],"collection":[{"href":"http:\/\/desarrollo.grupomedios.com\/futbol\/wp-json\/wp\/v2\/posts"}],"about":[{"href":"http:\/\/desarrollo.grupomedios.com\/futbol\/wp-json\/wp\/v2\/types\/post"}],"author":[{"embeddable":true,"href":"http:\/\/desarrollo.grupomedios.com\/futbol\/wp-json\/wp\/v2\/users\/20"}],"replies":[{"embeddable":true,"href":"http:\/\/desarrollo.grupomedios.com\/futbol\/wp-json\/wp\/v2\/comments?post=420856"}],"version-history":[{"count":0,"href":"http:\/\/desarrollo.grupomedios.com\/futbol\/wp-json\/wp\/v2\/posts\/420856\/revisions"}],"wp:featuredmedia":[{"embeddable":true,"href":"http:\/\/desarrollo.grupomedios.com\/futbol\/wp-json\/wp\/v2\/media\/420858"}],"wp:attachment":[{"href":"http:\/\/desarrollo.grupomedios.com\/futbol\/wp-json\/wp\/v2\/media?parent=420856"}],"wp:term":[{"taxonomy":"category","embeddable":true,"href":"http:\/\/desarrollo.grupomedios.com\/futbol\/wp-json\/wp\/v2\/categories?post=420856"},{"taxonomy":"post_tag","embeddable":true,"href":"http:\/\/desarrollo.grupomedios.com\/futbol\/wp-json\/wp\/v2\/tags?post=420856"}],"curies":[{"name":"wp","href":"https:\/\/api.w.org\/{rel}","templated":true}]}}