{"id":420874,"date":"2016-08-22T16:36:10","date_gmt":"2016-08-22T21:36:10","guid":{"rendered":"https:\/\/www.futboltotal.com.mx\/?p=420874"},"modified":"2016-08-22T16:36:10","modified_gmt":"2016-08-22T21:36:10","slug":"sexy-brasilena-sorprende-a-usain-bolt-twerking","status":"publish","type":"post","link":"http:\/\/desarrollo.grupomedios.com\/futbol\/cambio-de-juego\/sexy-brasilena-sorprende-a-usain-bolt-twerking\/2016\/08","title":{"rendered":"Sexy brasile\u00f1a sorprende a Usain Bolt con Twerking"},"content":{"rendered":"<p>El velocista jamaiquino <strong>Usain Bolt\u00a0<\/strong>pas\u00f3 una noche de locura este domingo en R\u00edo de Janeiro. Despu\u00e9s de haber acudido a la ceremonia de clausura de los <strong>Juegos Ol\u00edmpicos<\/strong>, el hombre m\u00e1s r\u00e1pido del planeta, ganador de tres preseas de oro en la justa, acudi\u00f3 a un antro exclusivo para celebrar su cumplea\u00f1os n\u00famero 30. All\u00ed se encontr\u00f3 con una chica brasile\u00f1a que no dud\u00f3 en bailarle un twerking. Como era de esperarse, el atleta le correspondi\u00f3 y fue captado mientras bailaba m\u00e1s que encendido. \u00a1Bolt<em>\u00a0On Fire!<\/em><\/p>\n<p style=\"text-align: center;\"><span style=\"color: #3366ff;\"><a style=\"color: #3366ff;\" href=\"https:\/\/www.futboltotal.com.mx\/2016\/08\/los-heroes-mexico-en-rio-2016\/\"><strong>LEER M\u00c1S: Todas las noticias de Juegos Ol\u00edmpicos<\/strong><\/a><\/span><\/p>\n<p><iframe loading=\"lazy\" src=\"https:\/\/www.youtube.com\/embed\/2_jqHGLVldo?feature=oembed\" frameborder=\"0\" allowfullscreen><\/iframe><\/p>\n","protected":false},"excerpt":{"rendered":"<p>El jamaiquino celebr\u00f3 en grande su cumplea\u00f1os n\u00famero 30 <\/p>\n","protected":false},"author":20,"featured_media":417995,"comment_status":"closed","ping_status":"closed","sticky":false,"template":"","format":"standard","meta":[],"categories":[5419],"tags":[1793],"_links":{"self":[{"href":"http:\/\/desarrollo.grupomedios.com\/futbol\/wp-json\/wp\/v2\/posts\/420874"}],"collection":[{"href":"http:\/\/desarrollo.grupomedios.com\/futbol\/wp-json\/wp\/v2\/posts"}],"about":[{"href":"http:\/\/desarrollo.grupomedios.com\/futbol\/wp-json\/wp\/v2\/types\/post"}],"author":[{"embeddable":true,"href":"http:\/\/desarrollo.grupomedios.com\/futbol\/wp-json\/wp\/v2\/users\/20"}],"replies":[{"embeddable":true,"href":"http:\/\/desarrollo.grupomedios.com\/futbol\/wp-json\/wp\/v2\/comments?post=420874"}],"version-history":[{"count":0,"href":"http:\/\/desarrollo.grupomedios.com\/futbol\/wp-json\/wp\/v2\/posts\/420874\/revisions"}],"wp:featuredmedia":[{"embeddable":true,"href":"http:\/\/desarrollo.grupomedios.com\/futbol\/wp-json\/wp\/v2\/media\/417995"}],"wp:attachment":[{"href":"http:\/\/desarrollo.grupomedios.com\/futbol\/wp-json\/wp\/v2\/media?parent=420874"}],"wp:term":[{"taxonomy":"category","embeddable":true,"href":"http:\/\/desarrollo.grupomedios.com\/futbol\/wp-json\/wp\/v2\/categories?post=420874"},{"taxonomy":"post_tag","embeddable":true,"href":"http:\/\/desarrollo.grupomedios.com\/futbol\/wp-json\/wp\/v2\/tags?post=420874"}],"curies":[{"name":"wp","href":"https:\/\/api.w.org\/{rel}","templated":true}]}}