{"id":420882,"date":"2016-08-23T15:38:14","date_gmt":"2016-08-23T20:38:14","guid":{"rendered":"https:\/\/www.futboltotal.com.mx\/?p=420882"},"modified":"2016-08-23T23:22:15","modified_gmt":"2016-08-24T04:22:15","slug":"en-vivo-cruz-azul-vs-leones-negros-copa-mx-2","status":"publish","type":"post","link":"http:\/\/desarrollo.grupomedios.com\/futbol\/futbol-mexicano\/en-vivo-cruz-azul-vs-leones-negros-copa-mx-2\/2016\/08","title":{"rendered":"AS\u00cd SE VIVI\u00d3 | Cruz Azul 3-1 Leones Negros | Copa MX"},"content":{"rendered":"<p><a class=\"twitter-timeline\" href=\"https:\/\/twitter.com\/search?q=from%3ACruz_Azul_FC%2C%20OR%20from%3ALeonesNegrosCF\" data-widget-id=\"768279550014783489\">Tweets sobre from:Cruz_Azul_FC, OR from:LeonesNegrosCF<\/a><br \/>\n<script>!function(d,s,id){var js,fjs=d.getElementsByTagName(s)[0],p=\/^http:\/.test(d.location)?'http':'https';if(!d.getElementById(id)){js=d.createElement(s);js.id=id;js.src=p+\":\/\/platform.twitter.com\/widgets.js\";fjs.parentNode.insertBefore(js,fjs);}}(document,\"script\",\"twitter-wjs\");<\/script><\/p>\n<p><span style=\"color: #ff0000;\">45:00<\/span> | Acaba el primer tiempo.<\/p>\n<p><span style=\"color: #ff0000;\">41:22<\/span> | \u00a1Goooooool del Cruz Azul! Chaco le peg\u00f3 con tranquilidad al centro.<\/p>\n<blockquote class=\"twitter-tweet\" data-lang=\"es\">\n<p dir=\"ltr\" lang=\"es\"><a href=\"https:\/\/twitter.com\/hashtag\/FutbolTD?src=hash\">#FutbolTD<\/a> \u00a1GOOOOOOL DE <a href=\"https:\/\/twitter.com\/Cruz_Azul_FC\">@Cruz_Azul_FC<\/a>! &#8216;Chaco&#8217; marca el segundo \u00a1EN VIVO! en TDcom <a href=\"https:\/\/t.co\/6o6CAUDNL7\">https:\/\/t.co\/6o6CAUDNL7<\/a> <a href=\"https:\/\/t.co\/ieckxFbH5k\">https:\/\/t.co\/ieckxFbH5k<\/a><\/p>\n<p>\u2014 Televisa Deportes (@TD_Deportes) <a href=\"https:\/\/twitter.com\/TD_Deportes\/status\/768277253146849280\">24 de agosto de 2016<\/a><\/p><\/blockquote>\n<p><script async src=\"\/\/platform.twitter.com\/widgets.js\" charset=\"utf-8\"><\/script><\/p>\n<p><span style=\"color: #ff0000;\">40:00<\/span> | \u00a1Penaaaaaal a favor del Cruz Azul! Ben\u00edtez consigui\u00f3 que le pagaran dentro del \u00e1rea.<\/p>\n<p><span style=\"color: #ff0000;\">38:00<\/span> | Nooooo, bueno per \u00bfqu\u00e9 pasa? Ahora fue Estrada que tuvo el mano a mano con Allison, pero no la pudo meter.<\/p>\n<p><span style=\"color: #ff0000;\">36:00<\/span> | \u00a1Gooo&#8230;! \u00bfC\u00f3mo? Vaya oso que hizo Z\u00fa\u00f1iga, luego del rechace de Mor\u00e1n, el atacante celeste ten\u00eda la puerta abierta, pero la mand\u00f3 por un lado.<\/p>\n<p><span style=\"color: #ff0000;\">35:00<\/span> | El partido baj\u00f3 de ritmo, pues Leones Negros ya no se \u00e1nima a pasar del medio campo.<\/p>\n<p><span style=\"color: #ff0000;\">32:00<\/span> | Tom\u00e1s Boy da y da indicaciones, pero sus pupilos no le hacen caso.<\/p>\n<p><span style=\"color: #ff0000;\">29:00<\/span> | La poca afici\u00f3n que se dio cita en el Azu, le chiflan a la M\u00e1quina que no presenta argumentos para pensar en el empate.<\/p>\n<p><span style=\"color: #ff0000;\">24:00<\/span> | T\u00e9lles desbord\u00f3 por la derecha, sac\u00f3 el disparo pero su intento pas\u00f3 por un lado del arco.<\/p>\n<p><span style=\"color: #ff0000;\">22:00<\/span> | Los tapat\u00edos mantienen la presi\u00f3n por la banda izquierda, de seguir as\u00ed, seguro har\u00e1n el segundo.<\/p>\n<p><span style=\"color: #ff0000;\">19:00<\/span> | Bueno, le est\u00e1n pasando por encima al Cruz Azul y no hace nada.<\/p>\n<p><span style=\"color: #ff0000;\">17:00<\/span> | \u00a1Uf! Leones Negros estuvo cerca del segundo, ahora fue Hern\u00e1ndez el que le peg\u00f3 de tiro libre y su intento se fue por un encima de la meta.<\/p>\n<p><span style=\"color: #ff0000;\">12:30<\/span> | \u00a1Goooooooool de Leones Negros! Lo dicho, los Melenudos dominaban y ahora fue Jes\u00fas V\u00e1zquez el que remat\u00f3 dentro del \u00e1rea a plenitud.<\/p>\n<blockquote class=\"twitter-tweet\" data-lang=\"es\">\n<p dir=\"ltr\" lang=\"es\"><a href=\"https:\/\/twitter.com\/hashtag\/FutbolTD?src=hash\">#FutbolTD<\/a> \u00a1GOOOOOL DE <a href=\"https:\/\/twitter.com\/LeonesNegrosCF\">@LeonesNegrosCF<\/a>! V\u00e1zquez abre el marcador \u00a1EN VIVO! en TDcom <a href=\"https:\/\/t.co\/6o6CAUDNL7\">https:\/\/t.co\/6o6CAUDNL7<\/a> <a href=\"https:\/\/t.co\/J5rFNCuYjk\">https:\/\/t.co\/J5rFNCuYjk<\/a><\/p>\n<p>\u2014 Televisa Deportes (@TD_Deportes) <a href=\"https:\/\/twitter.com\/TD_Deportes\/status\/768270053338820608\">24 de agosto de 2016<\/a><\/p><\/blockquote>\n<p><script async src=\"\/\/platform.twitter.com\/widgets.js\" charset=\"utf-8\"><\/script><\/p>\n<p><span style=\"color: #ff0000;\">11:00<\/span> | Pareciera que Leones Negros es el de Primera Divisi\u00f3n y el local.<\/p>\n<p><span style=\"color: #ff0000;\">09:00<\/span> | Romo sac\u00f3 potente disparo que se qued\u00f3 en las manos de Allison&#8230; \u00a1la defensa celeste no reacciona!<\/p>\n<p><span style=\"color: #ff0000;\">06:00<\/span> | \u00a1Uy! Unos cent\u00edmetros m\u00e1s y Ben\u00edtez la mandaba al fondo de la red.<\/p>\n<p><span style=\"color: #ff0000;\">04:00<\/span> | Cero y van tres avisos de Leones Negros, pero Allison est\u00e1 atento y no se complica.<\/p>\n<p><span style=\"color: #ff0000;\">03:00<\/span> | Los Melenudos ped\u00edan penal, pero el \u00e1rbitro no marc\u00f3 nada.<\/p>\n<p><span style=\"color: #ff0000;\">00:00<\/span> | Arranca el partido.<\/p>\n<p>Alineaci\u00f3n Leones Negros:\u00a0Mor\u00e1n; V\u00e1zquez, Becerra, Nieves, Garc\u00eda, V\u00e1zquez, Hern\u00e1ndez, Hern\u00e1ndez, T\u00e9lles, Estrada, Romo.<\/p>\n<p>Alineaci\u00f3n Cruz Azul:\u00a0Allison; Mendoza, Aldrete, Roco, Garc\u00eda, Ariel Rojas, Ru\u00edz, Cota, Gim\u00e9nez, Z\u00fa\u00f1iga, Ben\u00edtez.<\/p>\n<p>A las 21:00 horas del martes 23 de agosto, el <strong><a href=\"http:\/\/www.futboltotal.com.mx\/equipos\/cruz-azul\/\" target=\"_blank\">Cruz Azul<\/a> vs. Leones Negros<\/strong> cerrar\u00e1 el primer d\u00eda de actividad de la jornada 5 de la Copa MX, misma en donde el conjunto cementero, quiere ganar para tener una buena racha en los dos torneos donde compite.<\/p>\n<p>La \u00faltima vez que se enfrentaron estas dos escuadras, <em>Cementeros<\/em> y UdeG repartieron unidades en el estadio Jalisco, aunque lo curioso es que en los \u00faltimos enfrentamientos que han tenido estas dos escuadras, el conjunto jalisciense tiene saldo a favor, ya que, desde 2014, no ha perdido ante los celestes en ning\u00fan campo.<\/p>\n<p>En el Apertura 2014, cuando se vieron las caras en la Liga MX, la <em>M\u00e1quina<\/em> y los <strong>Leones Negros<\/strong> igualaron a un gol; en el siguiente torneo, los jaliscienses se llevaron la victoria por 1-2 en el estadio Azul, sede donde ahora se medir\u00e1n. A\u00f1o y medio despu\u00e9s, se reencontraron en la Copa MX, para igualar a dos goles y ahora, se enfrentar\u00e1n por \u00faltima vez, en donde <strong>Cruz Azul<\/strong>, querr\u00e1 equilibrar la balanza.<\/p>\n<p>El equipo de Tom\u00e1s Boy ya est\u00e1 calificado a los Octavos de Final de la Copa MX, as\u00ed que puede llegar tranquilo al encuentro; no obstante, hasta el momento no ha perdido, por lo que ser\u00eda igual de importante conseguir una victoria que lo mantenga imbatible en el certamen.<\/p>\n<p><strong>Cruz Azul vs. Leones Negros<\/strong>, \u00bfcu\u00e1l es tu pron\u00f3stico para este partido, <em>crack<\/em>?<\/p>\n","protected":false},"excerpt":{"rendered":"<p>\u00a1La M\u00e1quina busca mantener el invicto!<\/p>\n","protected":false},"author":20,"featured_media":421436,"comment_status":"closed","ping_status":"closed","sticky":false,"template":"","format":"standard","meta":[],"categories":[4247,2198],"tags":[285,5962,537],"_links":{"self":[{"href":"http:\/\/desarrollo.grupomedios.com\/futbol\/wp-json\/wp\/v2\/posts\/420882"}],"collection":[{"href":"http:\/\/desarrollo.grupomedios.com\/futbol\/wp-json\/wp\/v2\/posts"}],"about":[{"href":"http:\/\/desarrollo.grupomedios.com\/futbol\/wp-json\/wp\/v2\/types\/post"}],"author":[{"embeddable":true,"href":"http:\/\/desarrollo.grupomedios.com\/futbol\/wp-json\/wp\/v2\/users\/20"}],"replies":[{"embeddable":true,"href":"http:\/\/desarrollo.grupomedios.com\/futbol\/wp-json\/wp\/v2\/comments?post=420882"}],"version-history":[{"count":0,"href":"http:\/\/desarrollo.grupomedios.com\/futbol\/wp-json\/wp\/v2\/posts\/420882\/revisions"}],"wp:featuredmedia":[{"embeddable":true,"href":"http:\/\/desarrollo.grupomedios.com\/futbol\/wp-json\/wp\/v2\/media\/421436"}],"wp:attachment":[{"href":"http:\/\/desarrollo.grupomedios.com\/futbol\/wp-json\/wp\/v2\/media?parent=420882"}],"wp:term":[{"taxonomy":"category","embeddable":true,"href":"http:\/\/desarrollo.grupomedios.com\/futbol\/wp-json\/wp\/v2\/categories?post=420882"},{"taxonomy":"post_tag","embeddable":true,"href":"http:\/\/desarrollo.grupomedios.com\/futbol\/wp-json\/wp\/v2\/tags?post=420882"}],"curies":[{"name":"wp","href":"https:\/\/api.w.org\/{rel}","templated":true}]}}