{"id":420954,"date":"2016-08-23T13:26:58","date_gmt":"2016-08-23T18:26:58","guid":{"rendered":"https:\/\/www.futboltotal.com.mx\/?p=420954"},"modified":"2016-08-23T16:15:19","modified_gmt":"2016-08-23T21:15:19","slug":"en-vivo-roma-vs-porto-champions","status":"publish","type":"post","link":"http:\/\/desarrollo.grupomedios.com\/futbol\/futbol-internacional\/en-vivo-roma-vs-porto-champions\/2016\/08","title":{"rendered":"AS\u00cd SE VIVI\u00d3 | Roma 0-3 Porto | Champions League"},"content":{"rendered":"<p><span style=\"color: #ff0000;\">90:00<\/span>\u00a0| Muchas gracias por habernos acompa\u00f1ado. Sigan las reacciones por Futbol Total.com.mx \u00a1Hasta la pr\u00f3xima!<\/p>\n<p><span style=\"color: #ff0000;\">90:00<\/span>\u00a0| \u00a1Se acab\u00f3 el partido! Con un tanto de Felipe y otro par de Miguel Lay\u00fan y Tecatito Corona, el Porto elimina a la Roma y est\u00e1 en laFase de Grupos de Champions League.<\/p>\n<p><span style=\"color: #ff0000;\">87:00<\/span>\u00a0| Lay\u00fan recibi\u00f3 un pase dentro del \u00e1rea e intent\u00f3 filtrar un pase a Tecatito; la anticipaci\u00f3n de Bruno Peres fue excelsa.<\/p>\n<p><span style=\"color: #ff0000;\">81:00<\/span>\u00a0| Nainngolan saca un fogonazo y \u00a0le mete un gran susto al Porto. Si algo tiene laRoma es que no se da por vencida.<\/p>\n<p><span style=\"color: #ff0000;\">78:00<\/span>\u00a0| Zapatazo de Perotti que escupe a dos manos Iker Casillas.<\/p>\n<p><span style=\"color: #ff0000;\">74:00<\/span>\u00a0| \u00a1TECRACKTITO CORONA hace GOLAZO! \u00a0El mexicano recibe el bal\u00f3n en el \u00e1rea, le romper\u00e1 cintura a un defensor y saca un riflazo directo a la escuadra.<\/p>\n<blockquote class=\"twitter-tweet\" data-lang=\"es\">\n<p dir=\"ltr\" lang=\"es\">El <a href=\"https:\/\/twitter.com\/FCPorto\">@FCPorto<\/a> a fase de grupos cortes\u00eda del &#8216;Tecatito&#8217; Corona. <a href=\"https:\/\/twitter.com\/hashtag\/CHAMPIONSxESPN?src=hash\">#CHAMPIONSxESPN<\/a> <a href=\"https:\/\/t.co\/Y0fWqvabNP\">pic.twitter.com\/Y0fWqvabNP<\/a><\/p>\n<p>\u2014 \u00c1lvaro Morales (@AlvaritoMorales) <a href=\"https:\/\/twitter.com\/AlvaritoMorales\/status\/768184153456140288\">23 de agosto de 2016<\/a><\/p><\/blockquote>\n<p><script async src=\"\/\/platform.twitter.com\/widgets.js\" charset=\"utf-8\"><\/script><\/p>\n<p><span style=\"color: #ff0000;\">74:00<\/span>\u00a0| \u00a1Gooooooooooooooooooooooool del Porto!<\/p>\n<blockquote class=\"twitter-tweet\" data-lang=\"es\">\n<p dir=\"ltr\" lang=\"it\">75&#8242; | G\u26bdL\u26bd! \/ G\u26bdAL! \/ \u00a1G\u26bdL!<br \/>\nAS Roma 0-3 FC Porto <a href=\"https:\/\/twitter.com\/hashtag\/FCPorto?src=hash\">#FCPorto<\/a> <a href=\"https:\/\/twitter.com\/hashtag\/ASRFCP?src=hash\">#ASRFCP<\/a> <a href=\"https:\/\/twitter.com\/hashtag\/UCL?src=hash\">#UCL<\/a> <a href=\"https:\/\/t.co\/gdEkJxLFfu\">pic.twitter.com\/gdEkJxLFfu<\/a><\/p>\n<p>\u2014 FC Porto (@FCPorto) <a href=\"https:\/\/twitter.com\/FCPorto\/status\/768181778506973184\">23 de agosto de 2016<\/a><\/p><\/blockquote>\n<p><script async src=\"\/\/platform.twitter.com\/widgets.js\" charset=\"utf-8\"><\/script><\/p>\n<p><span style=\"color: #ff0000;\">74:00<\/span>\u00a0| \u00a1Lay\u00fan! \u00a1Lay\u00fan! \u00a1Lay\u00fan! El mexicano firma un contragolpe fulminante con una buena definici\u00f3n ante la p\u00e9sima salida del portero Szcz\u0119sny.<\/p>\n<blockquote class=\"twitter-tweet\" data-lang=\"es\">\n<p dir=\"ltr\" lang=\"es\">GOLAZOO al 72, respondiendo con Gol <a href=\"https:\/\/twitter.com\/Miguel_layun\">@Miguel_layun<\/a> Que piqu\u00e9\u26aa vs <a href=\"https:\/\/twitter.com\/OfficialASRoma\">@OfficialASRoma<\/a> <a href=\"https:\/\/t.co\/HKPS29jqXV\">pic.twitter.com\/HKPS29jqXV<\/a><\/p>\n<p>\u2014 Miguel layun Merida (@fandelayun) <a href=\"https:\/\/twitter.com\/fandelayun\/status\/768183826333831168\">23 de agosto de 2016<\/a><\/p><\/blockquote>\n<p><script async src=\"\/\/platform.twitter.com\/widgets.js\" charset=\"utf-8\"><\/script><\/p>\n<p><span style=\"color: #ff0000;\">72:00<\/span>\u00a0| \u00a1Goooooooooooooooooooooool del Porto!<\/p>\n<blockquote class=\"twitter-tweet\" data-lang=\"es\">\n<p dir=\"ltr\" lang=\"it\">73&#8242; | G\u26bdL\u26bd! \/ G\u26bdAL! \/ \u00a1G\u26bdL!<br \/>\nAS Roma 0-2 FC Porto <a href=\"https:\/\/twitter.com\/hashtag\/FCPorto?src=hash\">#FCPorto<\/a> <a href=\"https:\/\/twitter.com\/hashtag\/ASRFCP?src=hash\">#ASRFCP<\/a> <a href=\"https:\/\/twitter.com\/hashtag\/UCL?src=hash\">#UCL<\/a> <a href=\"https:\/\/t.co\/ML8AfovjRm\">pic.twitter.com\/ML8AfovjRm<\/a><\/p>\n<p>\u2014 FC Porto (@FCPorto) <a href=\"https:\/\/twitter.com\/FCPorto\/status\/768181199420424192\">23 de agosto de 2016<\/a><\/p><\/blockquote>\n<p><script async src=\"\/\/platform.twitter.com\/widgets.js\" charset=\"utf-8\"><\/script><\/p>\n<p><span style=\"color: #ff0000;\">68:00<\/span>\u00a0| Felipe derriba Iturbe y concede tiro libre por la banda izquierda. Cobro al \u00e1reas Nainngolan saca un frentazo apenas desviado del marco.<\/p>\n<p><a href=\"https:\/\/www.futboltotal.com.mx\/wp-content\/uploads\/2016\/08\/Naingolan.jpg\"><img decoding=\"async\" loading=\"lazy\" class=\"alignnone size-full wp-image-421196\" src=\"https:\/\/www.futboltotal.com.mx\/wp-content\/uploads\/2016\/08\/Naingolan.jpg\" alt=\"Naingolan\" srcset=\"http:\/\/desarrollo.grupomedios.com\/futbol\/wp-content\/uploads\/2016\/08\/Naingolan.jpg 858w, http:\/\/desarrollo.grupomedios.com\/futbol\/wp-content\/uploads\/2016\/08\/Naingolan-300x151.jpg 300w, http:\/\/desarrollo.grupomedios.com\/futbol\/wp-content\/uploads\/2016\/08\/Naingolan-768x386.jpg 768w, http:\/\/desarrollo.grupomedios.com\/futbol\/wp-content\/uploads\/2016\/08\/Naingolan-340x171.jpg 340w\" sizes=\"(max-width: 858px) 100vw, 858px\" \/><\/a><\/p>\n<p><span style=\"color: #ff0000;\">65:00<\/span>\u00a0| CAMBIO del Porto: Se va Andre Silva e ingresa Adri\u00e1n L\u00f3pez.<\/p>\n<p><span style=\"color: #ff0000;\">65:00<\/span>\u00a0| Amonestaci\u00f3n para Andre Silva, por hacer tiempo antes de salir de cambio.<\/p>\n<p><span style=\"color: #ff0000;\">64:00<\/span>\u00a0| \u00a0Lay\u00fan meti\u00f3 un centro para Tecatito pero Manolas tiene una gran anticipaci\u00f3n y evita el remate del mexicano.<\/p>\n<p><span style=\"color: #ff0000;\">62:00<\/span>\u00a0| El Porto no aprovecha superioridad num\u00e9rica y la Roma sigue dando guerra con nueve jugadores.<\/p>\n<p><span style=\"color: #ff0000;\">60:00<\/span>\u00a0| \u00a1Tiro libre para el Porto! Andre Silva fue derribado en el \u00e1rea. Sergio manda el bal\u00f3n a la luna.<\/p>\n<p><span style=\"color: #ff0000;\">59:00<\/span>\u00a0| Lay\u00fan mete un centro por derecha y el portero de la Roma sale y evita el remate de Silva.<\/p>\n<p><span style=\"color: #ff0000;\">59:00<\/span>\u00a0| CAMBIO de la Roma: Se va Dzeko e ingresa Juan Iturbe.<\/p>\n<p><span style=\"color: #ff0000;\">58:00<\/span>\u00a0| \u00a1Salva Lay\u00fan! El mexicano incomoda un centro a segundo poste y evita el remate de Perotti.<\/p>\n<p><span style=\"color: #ff0000;\">56:00<\/span>\u00a0| CAMBIO del Porto: Se va Otavio e ingresa Sergio Oliveira.<\/p>\n<p><span style=\"color: #ff0000;\">56:00<\/span>\u00a0| Gran desborde de <em>Tecatito<\/em> Corona por la banda derecha; el mexicano meti\u00f3 un centro rechazador Manolas y en el contrarremate Otavio la manda a la grada.<\/p>\n<p><span style=\"color: #ff0000;\">54:00<\/span>\u00a0| Al Porto le basta un gol para liquidar a la Roma. \u00bfLo conseguir\u00e1?<\/p>\n<p><span style=\"color: #ff0000;\">52:00<\/span>\u00a0| La Roma se queda con nueve hombres y necesita un gol para forzar la pr\u00f3rroga.<\/p>\n<p><span style=\"color: #ff0000;\">50:00<\/span>\u00a0| \u00a1Expulsan a Emerson Palmeri! Le clav\u00f3 los tachos a Tecatito Corona; el mexicano queda lesionado y es atendido por las asistencias.<\/p>\n<p><span style=\"color: #ff0000;\">48:00<\/span>\u00a0| Herrera intenta colarse al \u00e1rea pero Mohamed Salah le roba el esf\u00e9rico fuera del \u00e1rea y busca el contragolpe de la Roma.<\/p>\n<p><span style=\"color: #ff0000;\">45:01<\/span> | Se juega le segundo tiempo en el Estadio Ol\u00edmpico de Roma, donde los locales y el Porto buscan un lugar en la Fase de Grupos de la Champions League.<\/p>\n<p><span style=\"color: #ff0000;\">45+6<\/span> | Termina el primer tiempo. Con gol del defensa Felipe, Porto vence 1-0 a la Roma. De Rossi se fue expulsado por parte de\u00a0<em>La Loba.<\/em><\/p>\n<p><span style=\"color: #ff0000;\">45+4<\/span> | \u00a1Cerca H\u00e9ctor Herrera! Error de la defensa italiana y el mexicano prob\u00f3 de afuera del \u00e1rea aunque su disparo fue por un lado.<\/p>\n<p><span style=\"color: #ff0000;\">45+2<\/span>\u00a0| Maxi Pereira no puede continuar en el partido y entra el mexicano Miguel Lay\u00fan.<\/p>\n<p><span style=\"color: #ff0000;\">45:00<\/span> | Se agregan seis\u00a0minutos a la primera mitad.<\/p>\n<p><span style=\"color: #ff0000;\">43:00<\/span> | El partido se queda detenido un momento. Maxi Pereira se duele, Casillas le reclama al \u00e1rbitro por no detener el partido.<\/p>\n<p><span style=\"color: #ff0000;\">41:00<\/span> | Cambio de la Roma. Se va Leandro Paredes y entra Emerson.<\/p>\n<p><span style=\"color: #ff0000;\">38:00<\/span> | \u00a1Se va Daniele de Rossi! El italiano le mete una plancha a Maxi Pereira y el \u00e1rbitro le saca la roja. La Roma se queda con 10.<\/p>\n<p><span style=\"color: #ff0000;\">35:00<\/span> | \u00a1Otra vez Casillas! El espa\u00f1ol le roba el gol del empate a Mohamed Salah.<\/p>\n<p><span style=\"color: #ff0000;\">30:00<\/span> | Se cumplen 30 minutos. La Roma no encuentra el camino para empatar el partido, Porto contragolpea.<\/p>\n<p><span style=\"color: #ff0000;\">25:00<\/span> | La afici\u00f3n portuguesa se hace presente en el Ol\u00edmpico de Roma.<\/p>\n<p><img decoding=\"async\" loading=\"lazy\" class=\"alignnone size-full wp-image-421126\" src=\"https:\/\/www.futboltotal.com.mx\/wp-content\/uploads\/2016\/08\/aficionados-porto.jpg\" alt=\"aficionados-porto\" srcset=\"http:\/\/desarrollo.grupomedios.com\/futbol\/wp-content\/uploads\/2016\/08\/aficionados-porto.jpg 858w, http:\/\/desarrollo.grupomedios.com\/futbol\/wp-content\/uploads\/2016\/08\/aficionados-porto-300x151.jpg 300w, http:\/\/desarrollo.grupomedios.com\/futbol\/wp-content\/uploads\/2016\/08\/aficionados-porto-768x386.jpg 768w, http:\/\/desarrollo.grupomedios.com\/futbol\/wp-content\/uploads\/2016\/08\/aficionados-porto-340x171.jpg 340w\" sizes=\"(max-width: 858px) 100vw, 858px\" \/><\/p>\n<p><span style=\"color: #ff0000;\">22:00<\/span> | \u00a1Cerca el Porto! Otro centro y Felipe le vuelve a ganar a los defensas italianos, aunque esta vez su remate fue muy d\u00e9bil.<\/p>\n<p><span style=\"color: #ff0000;\">20:00<\/span>| La Roma busca el empate, pero los\u00a0<em>Dragones\u00a0<\/em>est\u00e1n bien parados en la parte de atr\u00e1s.<\/p>\n<p><span style=\"color: #ff0000;\">18:00<\/span>| Tiro de esquina para la Roma.<\/p>\n<p><span style=\"color: #ff0000;\">14:00<\/span> | \u00a1Uy, Nainggolan! Gran remate del jugador belga y el bal\u00f3n pasa apenas arriba del travesa\u00f1o.<\/p>\n<p><span style=\"color: #ff0000;\">13:00<\/span> | Falta de H\u00e9ctor Herrera sobre Leandro Paredes. El mexicanos el primer amonestado del partido.<\/p>\n<p><span style=\"color: #ff0000;\">11:00<\/span> | Centro por abajo de Nainggolan pero Casillas sale bien para quedarse con el bal\u00f3n.<\/p>\n<p><span style=\"color: #ff0000;\">10:00<\/span> | As\u00ed fue la primera anotaci\u00f3n del partido para el Porto.<\/p>\n<p><iframe loading=\"lazy\" src=\"\/\/www.dailymotion.com\/embed\/video\/x4pylom\" frameborder=\"0\" allowfullscreen=\"allowfullscreen\"><\/iframe><br \/>\n<a href=\"http:\/\/www.dailymotion.com\/video\/x4pylom_felipe-goal-as-roma-0-1-fc-porto-23-08-2016_sport\" target=\"_blank\">Felipe GOAL &#8211; AS Roma 0-1 FC Porto &#8211; 23.08.2016<\/a> <i>por <a href=\"http:\/\/www.dailymotion.com\/football365Life1\" target=\"_blank\">football365Life1<\/a><\/i><\/p>\n<p><span style=\"color: #ff0000;\">9:00<\/span> | El juego se vuelve intenso. Ahora la Roma presiona adelante con Salah y Dzeko.<\/p>\n<p><span style=\"color: #ff0000;\">7:30<\/span> | \u00a1GOOOOOOOOOOOL DEL PORTO! Centro de Otavio por izquierda y Felipe remata de cabeza para marcar el primero.<\/p>\n<p><span style=\"color: #ff0000;\">7:00<\/span> | Falta de Leandro Paredes sobre Otavio. El Porto tendr\u00e1 una oportunidad a bal\u00f3n parado.<\/p>\n<p><span style=\"color: #ff0000;\">5:00<\/span> | Andr\u00e9 Andr\u00e9 dispara fuera del \u00e1rea pero su disparo va d\u00e9bil a las manos de Allison.<\/p>\n<p><span style=\"color: #ff0000;\">3:00<\/span> | Ahora lo intenta el Porto con Maxi Pereira pero la defensa italiana le roba la pelota.<\/p>\n<p><span style=\"color: #ff0000;\">1:22<\/span>| \u00a1Atajad\u00f3n de Iker Casillas! Nainggolan tuvo la primera del partido con un tiro de larga distancia que el espa\u00f1ol manda a tiro de esquina.<\/p>\n<p><span style=\"color: #ff0000;\">0:25<\/span> | Sorprende la posici\u00f3n de De Rossi con la Roma. Ante la expulsi\u00f3n de Vermaelen en el partido pasado, el mediocampista fue habilitado en la defensa central junto al griego Kostas Manolas.<\/p>\n<p><span style=\"color: #ff0000;\">0:01<\/span> | \u00a1Comienza el partido en Roma! Los locales mueven el bal\u00f3n<\/p>\n<p><span style=\"color: #ff0000;\">0:00<\/span> | \u00a1Comienza el himno de la Champions League! Los equipos est\u00e1n por salir a la cancha<\/p>\n<p><span style=\"color: #ff0000;\">0:00<\/span> | El Ol\u00edmpico de Roma ya comienza a llenarse previo al partido.<\/p>\n<p><img decoding=\"async\" loading=\"lazy\" class=\"alignnone size-full wp-image-421070\" src=\"https:\/\/www.futboltotal.com.mx\/wp-content\/uploads\/2016\/08\/olimpico-de-roma.jpg\" alt=\"olimpico-de-roma\" srcset=\"http:\/\/desarrollo.grupomedios.com\/futbol\/wp-content\/uploads\/2016\/08\/olimpico-de-roma.jpg 858w, http:\/\/desarrollo.grupomedios.com\/futbol\/wp-content\/uploads\/2016\/08\/olimpico-de-roma-300x151.jpg 300w, http:\/\/desarrollo.grupomedios.com\/futbol\/wp-content\/uploads\/2016\/08\/olimpico-de-roma-768x386.jpg 768w, http:\/\/desarrollo.grupomedios.com\/futbol\/wp-content\/uploads\/2016\/08\/olimpico-de-roma-340x171.jpg 340w\" sizes=\"(max-width: 858px) 100vw, 858px\" \/><\/p>\n<p><span style=\"color: #ff0000;\">0:00<\/span> | En caso de clasificar, el Porto estar\u00eda meti\u00e9ndose a la Fase de Grupos de la Champions League por sexta ocasi\u00f3n consecutiva.<\/p>\n<p><span style=\"color: #ff0000;\">0:00<\/span> | Adem\u00e1s de este partido, tambi\u00e9n se definir\u00e1n los otros encuentros entre el d\u00eda de hoy y ma\u00f1ana.<\/p>\n<blockquote class=\"twitter-tweet\" data-lang=\"es\">\n<p dir=\"ltr\" lang=\"en\">Five teams will seal their place in Thursday&#8217;s <a href=\"https:\/\/twitter.com\/hashtag\/UCLdraw?src=hash\">#UCLdraw<\/a> tonight&#8230;<\/p>\n<p>Who are you backing? <a href=\"https:\/\/t.co\/PZ9xwzRr4M\">pic.twitter.com\/PZ9xwzRr4M<\/a><\/p>\n<p>\u2014 Champions League (@ChampionsLeague) <a href=\"https:\/\/twitter.com\/ChampionsLeague\/status\/768069395222495232\">23 de agosto de 2016<\/a><\/p><\/blockquote>\n<p><script async src=\"\/\/platform.twitter.com\/widgets.js\" charset=\"utf-8\"><\/script><\/p>\n<p><span style=\"color: #ff0000;\">0:00<\/span> | As\u00ed sale la Roma, que buscar\u00e1 meterse otra vez a la Fase de Grupos al igual que el a\u00f1o anterior.<\/p>\n<blockquote class=\"twitter-tweet\" data-lang=\"es\">\n<p dir=\"ltr\" lang=\"it\"><a href=\"https:\/\/twitter.com\/hashtag\/RomaPorto?src=hash\">#RomaPorto<\/a>: ecco la formazione scelta da <a href=\"https:\/\/twitter.com\/hashtag\/Spalletti?src=hash\">#Spalletti<\/a><br \/>\nSegui su <a href=\"https:\/\/t.co\/8zd6vjjazD\">https:\/\/t.co\/8zd6vjjazD<\/a> le statistiche del match <a href=\"https:\/\/twitter.com\/hashtag\/UCL?src=hash\">#UCL<\/a> <a href=\"https:\/\/t.co\/sCl5dG6MGj\">pic.twitter.com\/sCl5dG6MGj<\/a><\/p>\n<p>\u2014 AS Roma (@OfficialASRoma) <a href=\"https:\/\/twitter.com\/OfficialASRoma\/status\/768134605790711808\">23 de agosto de 2016<\/a><\/p><\/blockquote>\n<p><script async src=\"\/\/platform.twitter.com\/widgets.js\" charset=\"utf-8\"><\/script><\/p>\n<p><span style=\"color: #ff0000;\">0:00<\/span> | Los visitantes saldr\u00e1n con su tradicional uniforme en azul y blanco.<\/p>\n<p><img decoding=\"async\" loading=\"lazy\" class=\"alignnone size-full wp-image-421066\" src=\"https:\/\/www.futboltotal.com.mx\/wp-content\/uploads\/2016\/08\/porto-vestidores.jpg\" alt=\"porto-vestidores\" srcset=\"http:\/\/desarrollo.grupomedios.com\/futbol\/wp-content\/uploads\/2016\/08\/porto-vestidores.jpg 858w, http:\/\/desarrollo.grupomedios.com\/futbol\/wp-content\/uploads\/2016\/08\/porto-vestidores-300x151.jpg 300w, http:\/\/desarrollo.grupomedios.com\/futbol\/wp-content\/uploads\/2016\/08\/porto-vestidores-768x386.jpg 768w, http:\/\/desarrollo.grupomedios.com\/futbol\/wp-content\/uploads\/2016\/08\/porto-vestidores-340x171.jpg 340w\" sizes=\"(max-width: 858px) 100vw, 858px\" \/><\/p>\n<p><span style=\"color: #ff0000;\">0:00<\/span> | Este es el 11 con el que Porto ir\u00e1 por el triunfo al Estadio Ol\u00edmpico de Roma.<\/p>\n<blockquote class=\"twitter-tweet\" data-lang=\"es\">\n<p dir=\"ltr\" lang=\"und\"><a href=\"https:\/\/twitter.com\/hashtag\/FCPorto?src=hash\">#FCPorto<\/a> <a href=\"https:\/\/twitter.com\/hashtag\/ASRFCP?src=hash\">#ASRFCP<\/a> <a href=\"https:\/\/twitter.com\/hashtag\/ucl?src=hash\">#ucl<\/a> <a href=\"https:\/\/twitter.com\/hashtag\/championsleague?src=hash\">#championsleague<\/a> <a href=\"https:\/\/twitter.com\/hashtag\/uefachampionsleague?src=hash\">#uefachampionsleague<\/a> <a href=\"https:\/\/t.co\/ew1EGvxVI0\">pic.twitter.com\/ew1EGvxVI0<\/a><\/p>\n<p>\u2014 FC Porto (@FCPorto) <a href=\"https:\/\/twitter.com\/FCPorto\/status\/768138487157690369\">23 de agosto de 2016<\/a><\/p><\/blockquote>\n<p><script async src=\"\/\/platform.twitter.com\/widgets.js\" charset=\"utf-8\"><\/script><\/p>\n<p><span style=\"color: #ff0000;\">0:00<\/span> | En el partido de ida en Portugal, el juego termin\u00f3 en empate, por lo que si los\u00a0<em>Dragones\u00a0<\/em>quieren avanzar, tendr\u00e1n que vencer a\u00a0<em>La Loba\u00a0<\/em>o empatar por m\u00e1s de dos goles.<\/p>\n<p><span style=\"color: #ff0000;\">0:00<\/span> | Bienvenidos a nuestro minuto a minuto del partido entre la Roma y el Porto por la Fase Previa de clasificaci\u00f3n de la Champions League.<\/p>\n<p>Los mexicanos Jes\u00fas Corona, H\u00e9ctor Herrera, Miguel Lay\u00fan y Diego Reyes,\u00a0buscar\u00e1 el billete a la fase de grupos de la <strong>Champions League<\/strong>\u00a0en el desenlace del duelo <strong>Roma vs Porto<\/strong>, que se disputar\u00e1\u00a0este martes en el Estadio Ol\u00edmpico.<\/p>\n<p>A la tercia tricolor conformada por Corona, Herrera y Lay\u00fan, quienes vieron actividad durante el primer juego de la serie, se sum\u00f3 la convocatoria del defensa examericanista Reyes, quien fue llamado para realizar el viaje a la capital italiana y podr\u00eda ser tomado en cuenta para el segundo cotejo eliminatorio.<\/p>\n<p style=\"text-align: center;\"><a href=\"https:\/\/www.futboltotal.com.mx\/futbol-internacional\/mexicanos-en-europa\/\"><span style=\"color: #3366ff;\"><strong>LEER M\u00c1S: Todas las noticias de mexicanos en Europa<\/strong><\/span><\/a><\/p>\n<p>Tras haber empatado 1-1 en el enfrentamiento de ida celebrado en el Estadio Do Dragao, el conjunto luso ya se instal\u00f3 en casa de los italianos con la ambici\u00f3n de conseguir una victoria que le abra las puertas a la competici\u00f3n europea.<\/p>\n<p>En la v\u00edspera del partido <strong>Roma vs Porto<\/strong>, el director t\u00e9cnico de los <em>Dragones,<\/em>\u00a0Nuno Esp\u00edrito Santo, asegur\u00f3 que una de las caracter\u00edsticas m\u00e1s fuertes de su conjunto es que nunca se rinde, por lo que se plantar\u00e1n con un serio compromiso ante la <em>Loba<\/em>.<\/p>\n<p>\u201cS\u00f3lo un equipo conseguir\u00e1 salir vencedor y llegar\u00e1 a la fase de grupos, ese es nuestro objetivo y estoy seguro de que todos est\u00e1n comprometidos e identificados con esa idea. Para lograrlo tendremos que superar nuestros l\u00edmites y as\u00ed alcanzaremos nuestros objetivos\u201d, sentenci\u00f3 en conferencia de prensa.<\/p>\n<p>De esta forma, la mesa est\u00e1 puesta para el duelo de vuelta de los <em>play-offs<\/em>\u00a0<strong>Roma vs Porto<\/strong>, en el que hay disponible un boleto a la Liga de Campeones en contra de Roma. El duelo arrancar\u00e1 en punto de las 13:45 horas, tiempo del centro de M\u00e9xico.<\/p>\n","protected":false},"excerpt":{"rendered":"<p>Tecatito, Lay\u00fan, Herrera y Reyes se miden a la Roma en los playoffs<\/p>\n","protected":false},"author":20,"featured_media":421120,"comment_status":"closed","ping_status":"closed","sticky":false,"template":"","format":"standard","meta":[],"categories":[3841,3839,6718],"tags":[97,1208,320],"_links":{"self":[{"href":"http:\/\/desarrollo.grupomedios.com\/futbol\/wp-json\/wp\/v2\/posts\/420954"}],"collection":[{"href":"http:\/\/desarrollo.grupomedios.com\/futbol\/wp-json\/wp\/v2\/posts"}],"about":[{"href":"http:\/\/desarrollo.grupomedios.com\/futbol\/wp-json\/wp\/v2\/types\/post"}],"author":[{"embeddable":true,"href":"http:\/\/desarrollo.grupomedios.com\/futbol\/wp-json\/wp\/v2\/users\/20"}],"replies":[{"embeddable":true,"href":"http:\/\/desarrollo.grupomedios.com\/futbol\/wp-json\/wp\/v2\/comments?post=420954"}],"version-history":[{"count":0,"href":"http:\/\/desarrollo.grupomedios.com\/futbol\/wp-json\/wp\/v2\/posts\/420954\/revisions"}],"wp:featuredmedia":[{"embeddable":true,"href":"http:\/\/desarrollo.grupomedios.com\/futbol\/wp-json\/wp\/v2\/media\/421120"}],"wp:attachment":[{"href":"http:\/\/desarrollo.grupomedios.com\/futbol\/wp-json\/wp\/v2\/media?parent=420954"}],"wp:term":[{"taxonomy":"category","embeddable":true,"href":"http:\/\/desarrollo.grupomedios.com\/futbol\/wp-json\/wp\/v2\/categories?post=420954"},{"taxonomy":"post_tag","embeddable":true,"href":"http:\/\/desarrollo.grupomedios.com\/futbol\/wp-json\/wp\/v2\/tags?post=420954"}],"curies":[{"name":"wp","href":"https:\/\/api.w.org\/{rel}","templated":true}]}}