{"id":420992,"date":"2016-08-23T10:47:09","date_gmt":"2016-08-23T15:47:09","guid":{"rendered":"https:\/\/www.futboltotal.com.mx\/?p=420992"},"modified":"2016-08-23T10:48:40","modified_gmt":"2016-08-23T15:48:40","slug":"quiero-estar-al-nivel-messi-cristiano-griezmann","status":"publish","type":"post","link":"http:\/\/desarrollo.grupomedios.com\/futbol\/futbol-internacional\/liga-de-espana\/quiero-estar-al-nivel-messi-cristiano-griezmann\/2016\/08","title":{"rendered":"&#8220;Quiero estar al nivel de Messi y Cristiano&#8221;: Griezmann"},"content":{"rendered":"<p>Luego de perder dos finales de manera consecutiva, <strong>Antoine Griezmann<\/strong> habl\u00f3 para el diario ingl\u00e9s <em>The Guardian\u00a0<\/em>sobre su sentimiento tras\u00a0las\u00a0derrotas y lo que busca para su futuro personal y con el<strong> Atl\u00e9tico de Madrid<\/strong>.<\/p>\n<blockquote><p>&#8220;Estaba muy triste pero no llor\u00e9 (tras la final de la Euro). Me dije, tengo que mostrar determinaci\u00f3n y consolar a los otros. Quer\u00eda ense\u00f1ar mi car\u00e1cter, quer\u00eda demostrar que puedo ser un l\u00edder.&#8221;<\/p><\/blockquote>\n<p>Con ello, el franc\u00e9s demostro que tiene un gran car\u00e1cter y busca ser ese l\u00edder que necesita un equipo para sacar los partidos adelante y conseguir t\u00edtulos, pues conociendo lo que es Cristiano y Messi, busca ser alguien como ellos.<\/p>\n<blockquote><p>&#8220;Quiero comer en su mesa.\u00a0Quiero acercarme lo m\u00e1s posible a su nivel y ganar t\u00edtulos. Mi objetivo es estar entre los mejores&#8221;, dice Griezmann, a quien se le ha negado el t\u00edtulo de la liga de Espa\u00f1a y recientemente la Eurocopa y la Champions League.<\/p><\/blockquote>\n<blockquote class=\"twitter-tweet\" data-lang=\"es\">\n<p dir=\"ltr\" lang=\"fr\">Touch\u00e9 par ce classement. Merci \u00e0 vous. <a href=\"https:\/\/twitter.com\/hashtag\/Fierdetrefran%C3%A7ais?src=hash\">#Fierdetrefran\u00e7ais<\/a> <a href=\"https:\/\/t.co\/pI8tsG8F2y\">pic.twitter.com\/pI8tsG8F2y<\/a><\/p>\n<p>\u2014 Antoine Griezmann (@AntoGriezmann) <a href=\"https:\/\/twitter.com\/AntoGriezmann\/status\/764890541028995073\">14 de agosto de 2016<\/a><\/p><\/blockquote>\n<p><script async src=\"\/\/platform.twitter.com\/widgets.js\" charset=\"utf-8\"><\/script><\/p>\n<p style=\"text-align: center;\"><span style=\"color: #3366ff;\"><strong><a style=\"color: #3366ff;\" href=\"https:\/\/www.futboltotal.com.mx\/2016\/08\/pablo-barrera-volveria-al-tri\/\" target=\"_blank\">LEER M\u00c1S: Pablo Barrera volver\u00eda al Tri<\/a><\/strong><\/span><\/p>\n<p>Tras las derrotas, la ambici\u00f3n del jugador del <strong>Atl\u00e9tico de Madrid<\/strong> es mayor, pues considera que no se pueden quedar pensando en las finales que han perdido.<\/p>\n<blockquote><p>&#8220;Hubo demasiada emoci\u00f3n, demasiada tensi\u00f3n, te puede dejar muy cansado. Dos finales donde estuvimos tan cerca del objetivo y de llevarnos el trofeo. No era nuestro momento. Pero no me voy a detener ah\u00ed. Voy a seguir entrenando y jugando para llegar a nuevas finales y ganarlas. De hecho, ahora estoy a\u00fan m\u00e1s determinado a ganar.&#8221;<\/p><\/blockquote>\n<p>Adem\u00e1s, <strong>Griezmann<\/strong> tambi\u00e9n revel\u00f3 la raz\u00f3n por la que usa el n\u00famero siete a sus espaldas. &#8220;David Beckham. \u00c9l es la raz\u00f3n de la que sue la camiseta de manga larga con el n\u00famero &#8220;7&#8221;.<\/p>\n<p>El delantero franc\u00e9s\u00a0habl\u00f3 de su amigo y compa\u00f1ero en la Selecci\u00f3n francesa, Paul Pogba, de quien asegura que &#8220;el Manchester es un club perfecto para \u00e9l&#8221;.<\/p>\n<blockquote class=\"twitter-tweet\" data-lang=\"es\">\n<p dir=\"ltr\" lang=\"und\"><a href=\"https:\/\/twitter.com\/hashtag\/Pogback?src=hash\">#Pogback<\/a> !!!!!!!<\/p>\n<p>\u2014 Antoine Griezmann (@AntoGriezmann) <a href=\"https:\/\/twitter.com\/AntoGriezmann\/status\/766673279960682496\">19 de agosto de 2016<\/a><\/p><\/blockquote>\n<p><script async src=\"\/\/platform.twitter.com\/widgets.js\" charset=\"utf-8\"><\/script><\/p>\n<blockquote><p><span style=\"line-height: 1.5;\">&#8220;A Pogba le encanta la Premier League. Con Mourinho est\u00e1n creando algo nuevo. Creo que los hinchas ingleses no van a estar decepcionados. Pueden esperar algo espectacular de Paul. Se lo merece.<\/span><span style=\"line-height: 1.5;\">Trabaja duro y tiene el talento para ser un jugador trascendental.&#8221;<\/span><\/p><\/blockquote>\n<p>Ya entrados en el tema, <strong>Griezmann<\/strong> tambi\u00e9n dej\u00f3 abiertas las posiblidades de llegar a la Premier League en un futuro.&#8221;S\u00ed ir\u00eda a la Premier, \u00bfpor qu\u00e9 no?,\u00a0Si estoy fuera de contrato con el Atl\u00e9tico me har\u00eda esa pregunta.&#8221;, dijo el delantero colchonero.<\/p>\n","protected":false},"excerpt":{"rendered":"<p>El franc\u00e9s confes\u00f3 sus deseos despu\u00e9s de perder la Champions y la Euro<\/p>\n","protected":false},"author":20,"featured_media":421000,"comment_status":"closed","ping_status":"closed","sticky":false,"template":"","format":"standard","meta":[],"categories":[3844,5951],"tags":[1496,5256,248],"_links":{"self":[{"href":"http:\/\/desarrollo.grupomedios.com\/futbol\/wp-json\/wp\/v2\/posts\/420992"}],"collection":[{"href":"http:\/\/desarrollo.grupomedios.com\/futbol\/wp-json\/wp\/v2\/posts"}],"about":[{"href":"http:\/\/desarrollo.grupomedios.com\/futbol\/wp-json\/wp\/v2\/types\/post"}],"author":[{"embeddable":true,"href":"http:\/\/desarrollo.grupomedios.com\/futbol\/wp-json\/wp\/v2\/users\/20"}],"replies":[{"embeddable":true,"href":"http:\/\/desarrollo.grupomedios.com\/futbol\/wp-json\/wp\/v2\/comments?post=420992"}],"version-history":[{"count":0,"href":"http:\/\/desarrollo.grupomedios.com\/futbol\/wp-json\/wp\/v2\/posts\/420992\/revisions"}],"wp:featuredmedia":[{"embeddable":true,"href":"http:\/\/desarrollo.grupomedios.com\/futbol\/wp-json\/wp\/v2\/media\/421000"}],"wp:attachment":[{"href":"http:\/\/desarrollo.grupomedios.com\/futbol\/wp-json\/wp\/v2\/media?parent=420992"}],"wp:term":[{"taxonomy":"category","embeddable":true,"href":"http:\/\/desarrollo.grupomedios.com\/futbol\/wp-json\/wp\/v2\/categories?post=420992"},{"taxonomy":"post_tag","embeddable":true,"href":"http:\/\/desarrollo.grupomedios.com\/futbol\/wp-json\/wp\/v2\/tags?post=420992"}],"curies":[{"name":"wp","href":"https:\/\/api.w.org\/{rel}","templated":true}]}}