{"id":420994,"date":"2016-08-23T10:23:28","date_gmt":"2016-08-23T15:23:28","guid":{"rendered":"https:\/\/www.futboltotal.com.mx\/?p=420994"},"modified":"2016-08-23T10:23:28","modified_gmt":"2016-08-23T15:23:28","slug":"pablo-barrera-volveria-al-tri","status":"publish","type":"post","link":"http:\/\/desarrollo.grupomedios.com\/futbol\/destacado-home\/pablo-barrera-volveria-al-tri\/2016\/08","title":{"rendered":"Pablo Barrera volver\u00eda al TRI"},"content":{"rendered":"<p>Tras finalizar los Juegos Ol\u00edmpicos, ahora los reflectores del futbol en M\u00e9xico volver\u00e1n a fijarse en <strong>Juan Carlos Osorio<\/strong> y el <em>TRI<\/em> Mayor, pues la <a href=\"http:\/\/www.futboltotal.com.mx\/futbol-mexicano\/seleccion-mexicana\/\" target=\"_blank\"><strong>Selecci\u00f3n Mexicana<\/strong><\/a> retomar\u00e1 su actividad a inicios de septiembre, cuando las Eliminatorias de CONCACAF se reanuden.<\/p>\n<p>El 7-0 a\u00fan est\u00e1 en la mente de todos, sobre todo porque el <em>TRI<\/em> Ol\u00edmpico tambi\u00e9n fracas\u00f3, en R\u00edo de Janeiro 2016, por eso, ya se habla de la convocatoria de <strong>Juan Carlos Osorio<\/strong>, que se dar\u00e1 en los pr\u00f3ximos d\u00edas, y en la que, seg\u00fan medios nacionales, estar\u00edan incluidos como novedades, Erick Guti\u00e9rrez y <strong>Pablo Barrera<\/strong>, quienes se encuentran en buen momento con sus respectivos equipos.<\/p>\n<p>Cabe destacar que la \u00faltima vez que <strong>Pablo Barrera<\/strong> figur\u00f3 en una convocatoria nacional, fue en 2013, cuando fue llevado a la Copa Confederaciones de Brasil.<\/p>\n<p style=\"text-align: center;\"><span style=\"color: #3366ff;\"><a style=\"color: #3366ff;\" href=\"https:\/\/www.futboltotal.com.mx\/2016\/08\/britos-nuevo-gatillero-pumas\/\"><strong>LEER M\u00c1S: Mat\u00edas Britos es el nuevo Gatillero<\/strong><\/a><\/span><\/p>\n<p>En la lista, <strong>Juan Carlos Osorio<\/strong> tendr\u00eda en mente llamar a la mayor\u00eda de los europeos, con tal de que retomen la confianza tras la fat\u00eddica goleada contra Chile en Copa Am\u00e9rica; pero en esta ocasi\u00f3n, s\u00f3lo llamar\u00eda a los que se encuentran en buen momento, o que tienen actividad.<\/p>\n<p>Es decir, Carlos Vela y Jonathan dos Santos, se mantendr\u00edan ausentes, adem\u00e1s claro, de Javier Hern\u00e1ndez, quien sufri\u00f3 accidente dentro de su domicilio en Alemania, lo que propici\u00f3 una fractura con la cual causa baja del Bayer Leverkusen y de la<strong> Selecci\u00f3n Mexicana.<\/strong><\/p>\n<p><span style=\"color: #ff0000;\"><strong>VIDEO: Mejores goles de la jornada 6<\/strong><\/span><\/p>\n<p>[video_player]https:\/\/player.vimeo.com\/external\/179793011.hd.mp4?s=c5a75bda51ae34a9169b5ae4057587681ef68e83&amp;profile_id=174[\/video_player]<\/p>\n","protected":false},"excerpt":{"rendered":"<p>Juan Carlos Osorio planea olvidar el 7-0 en Eliminatoria<\/p>\n","protected":false},"author":20,"featured_media":420996,"comment_status":"closed","ping_status":"closed","sticky":false,"template":"","format":"standard","meta":[],"categories":[5,2198,3845],"tags":[],"_links":{"self":[{"href":"http:\/\/desarrollo.grupomedios.com\/futbol\/wp-json\/wp\/v2\/posts\/420994"}],"collection":[{"href":"http:\/\/desarrollo.grupomedios.com\/futbol\/wp-json\/wp\/v2\/posts"}],"about":[{"href":"http:\/\/desarrollo.grupomedios.com\/futbol\/wp-json\/wp\/v2\/types\/post"}],"author":[{"embeddable":true,"href":"http:\/\/desarrollo.grupomedios.com\/futbol\/wp-json\/wp\/v2\/users\/20"}],"replies":[{"embeddable":true,"href":"http:\/\/desarrollo.grupomedios.com\/futbol\/wp-json\/wp\/v2\/comments?post=420994"}],"version-history":[{"count":0,"href":"http:\/\/desarrollo.grupomedios.com\/futbol\/wp-json\/wp\/v2\/posts\/420994\/revisions"}],"wp:featuredmedia":[{"embeddable":true,"href":"http:\/\/desarrollo.grupomedios.com\/futbol\/wp-json\/wp\/v2\/media\/420996"}],"wp:attachment":[{"href":"http:\/\/desarrollo.grupomedios.com\/futbol\/wp-json\/wp\/v2\/media?parent=420994"}],"wp:term":[{"taxonomy":"category","embeddable":true,"href":"http:\/\/desarrollo.grupomedios.com\/futbol\/wp-json\/wp\/v2\/categories?post=420994"},{"taxonomy":"post_tag","embeddable":true,"href":"http:\/\/desarrollo.grupomedios.com\/futbol\/wp-json\/wp\/v2\/tags?post=420994"}],"curies":[{"name":"wp","href":"https:\/\/api.w.org\/{rel}","templated":true}]}}