{"id":421016,"date":"2016-08-23T11:07:15","date_gmt":"2016-08-23T16:07:15","guid":{"rendered":"https:\/\/www.futboltotal.com.mx\/?p=421016"},"modified":"2016-08-23T23:13:52","modified_gmt":"2016-08-24T04:13:52","slug":"alfredo-castillo-se-disculpa-presenta-renuncia-en-conade","status":"publish","type":"post","link":"http:\/\/desarrollo.grupomedios.com\/futbol\/otros-deportes\/alfredo-castillo-se-disculpa-presenta-renuncia-en-conade\/2016\/08","title":{"rendered":"Alfredo Castillo se disculpa y pone su renuncia en CONADE"},"content":{"rendered":"<p>El director de la<strong> Comisi\u00f3n Nacional del Deporte (CONADE)<\/strong> de <strong>M\u00e9xico<\/strong>, <strong>Alfredo Castillo<\/strong>, afirm\u00f3 hoy que su renuncia est\u00e1 sobre la mesa y que explicar\u00e1 los resultados del pa\u00eds en los Juegos de R\u00edo 2016, donde ganaron tres platas y dos bronces y pidi\u00f3 disculpa por haber viajado a Brasil con su pareja.<\/p>\n<p>&#8220;Por supuesto que mi renuncia est\u00e1 sobre la mesa&#8221;, dijo Castillo en una entrevista con el informativo matutino de la cadena Televisa en la que anunci\u00f3 tener la instrucci\u00f3n presidencial de explicar los resultados del pa\u00eds en la justa ol\u00edmpica.<\/p>\n<blockquote class=\"twitter-tweet\" data-lang=\"es\">\n<p dir=\"ltr\" lang=\"es\">Aunque ofreci\u00f3 una disculpa, el papel de <a href=\"https:\/\/twitter.com\/ACC_Castillo\">@ACC_Castillo<\/a> en R\u00edo 2016 es muy cuestionable por los esc\u00e1ndalos<a href=\"https:\/\/t.co\/XrY2dcAEL4\">https:\/\/t.co\/XrY2dcAEL4<\/a><\/p>\n<p>\u2014 Noticieros Televisa (@NTelevisa_com) <a href=\"https:\/\/twitter.com\/NTelevisa_com\/status\/768102230738149376\">23 de agosto de 2016<\/a><\/p><\/blockquote>\n<p><script async src=\"\/\/platform.twitter.com\/widgets.js\" charset=\"utf-8\"><\/script><\/p>\n<p><strong>Castillo<\/strong> se\u00f1al\u00f3 que una vez que se presente esta &#8220;explicaci\u00f3n puntual&#8221; de los resultados y de c\u00f3mo se obtuvieron, entonces se decidir\u00e1 si contin\u00faa o no como director de la <strong>CONADE<\/strong>, entidad del estado encargada del deporte en el pa\u00eds.<\/p>\n<p>El titular de la <strong>CONADE<\/strong> ofreci\u00f3 disculpas por haber viajado a los <strong>Juegos Ol\u00edmpicos de R\u00edo 2016<\/strong> con su pareja sentimental, Jacqueline Tostado, en una decisi\u00f3n cuestionada porque se le dio una acreditaci\u00f3n oficial y utiliz\u00f3 ropa del equipo mexicano.<\/p>\n<p style=\"text-align: center;\"><span style=\"color: #3366ff;\"><strong><a style=\"color: #3366ff;\" href=\"https:\/\/www.futboltotal.com.mx\/2016\/08\/chicharito-se-pierde-debut-bayer-en-bundesliga\/\" target=\"_blank\">LEER M\u00c1S: \u00a1Chicharito se pierde debut del Bayer en la Bundesliga!<\/a><\/strong><\/span><\/p>\n<p>&#8220;Es una enorme imprudencia que lamento mucho, es una situaci\u00f3n que me ha generado altos costos, p\u00fablicamente ofrezco una disculpa&#8221;, manifest\u00f3 el director de la <strong>CONADE<\/strong> al sostener que en este viaje no se emplearon recursos p\u00fablicos.<\/p>\n<p><strong>Castillo<\/strong> manifest\u00f3 que \u00e9l mismo se hizo cargo de los gastos de su pareja y detall\u00f3 que la acreditaci\u00f3n que se le dio fue como parte de &#8220;familia hospitalaria&#8221; por lo que no se quit\u00f3 el lugar a un m\u00e9dico o entrenador, como denunci\u00f3 la arquera A\u00edda Rom\u00e1n.<\/p>\n<p>Rechaz\u00f3 que su pareja haya participado en el desfile inaugural de la justa ol\u00edmpica o que haya recibido el mismo equipamiento de los atletas que s\u00ed lo hicieron.<\/p>\n<blockquote class=\"twitter-tweet\" data-lang=\"es\">\n<p dir=\"ltr\" lang=\"es\">Se disculpa Alfredo Castillo por llevar de paseo a su novia a los los Juegos Ol\u00edmpicos.<br \/>\nY la renuncia para cu\u00e1ndo?<br \/>\n<a href=\"https:\/\/t.co\/uGCrmTmti6\">https:\/\/t.co\/uGCrmTmti6<\/a><\/p>\n<p>\u2014 Enrique Cancino (@EnriqueCancino) <a href=\"https:\/\/twitter.com\/EnriqueCancino\/status\/768093264935215104\">23 de agosto de 2016<\/a><\/p><\/blockquote>\n<p>Confirm\u00f3 que la <strong>CONADE<\/strong> tiene abiertas causas penales contra diversas federaciones deportivas de M\u00e9xico, como atletismo, tiro con arco, b\u00e9isbol, ciclismo y boxeo, la cual ya est\u00e1 desconocida y cuyo directivo est\u00e1 impedido legalmente a ejercer su cargo.<\/p>\n<p>El Secretario de Educaci\u00f3n P\u00fablica de M\u00e9xico, Aurelio Nu\u00f1o, dijo que los resultados que obtuvo el pa\u00eds en R\u00edo 2016 se deben tomar con calma y perspectiva porque es el promedio que se ha logrado en las \u00faltimas cinco ediciones.<\/p>\n<p style=\"text-align: center;\"><span style=\"color: #3366ff;\"><strong><a style=\"color: #3366ff;\" href=\"https:\/\/www.futboltotal.com.mx\/2016\/08\/paola-espinosa-presumio-a-nuevo-amor\/\" target=\"_blank\">LEER M\u00c1S: Paola Espinosa presumi\u00f3 a su nuevo amor<\/a><\/strong><\/span><\/p>\n<p>&#8220;Los resultados de la delegaci\u00f3n mexicana hay que tomarlos con tranquilidad y perspectiva y este resultado que obtuvo esta delegaci\u00f3n (de 125 atletas) es el mismo que hemos tenido las \u00faltimos cinco Juegos Ol\u00edmpicos&#8221;, dijo Nu\u00f1o.<\/p>\n<p>Las medallas de plata de <strong>M\u00e9xico<\/strong> fueron obtenidas por Mar\u00eda Espinoza, en taekwondo, Germ\u00e1n S\u00e1nchez en plataforma; y Guadalupe Gonz\u00e1lez, en marcha femenina 20 kil\u00f3metros; los bronces fueron de Misael Rodr\u00edguez, en boxeo y de Ismael Hern\u00e1ndez, pentatl\u00f3n moderno. EFE<\/p>\n","protected":false},"excerpt":{"rendered":"<p>Castillo se lament\u00f3 por los problemas que ocasion\u00f3 su pareja en R\u00edo<\/p>\n","protected":false},"author":20,"featured_media":421018,"comment_status":"closed","ping_status":"closed","sticky":false,"template":"","format":"standard","meta":[],"categories":[7182,7188,6411],"tags":[65,5461],"_links":{"self":[{"href":"http:\/\/desarrollo.grupomedios.com\/futbol\/wp-json\/wp\/v2\/posts\/421016"}],"collection":[{"href":"http:\/\/desarrollo.grupomedios.com\/futbol\/wp-json\/wp\/v2\/posts"}],"about":[{"href":"http:\/\/desarrollo.grupomedios.com\/futbol\/wp-json\/wp\/v2\/types\/post"}],"author":[{"embeddable":true,"href":"http:\/\/desarrollo.grupomedios.com\/futbol\/wp-json\/wp\/v2\/users\/20"}],"replies":[{"embeddable":true,"href":"http:\/\/desarrollo.grupomedios.com\/futbol\/wp-json\/wp\/v2\/comments?post=421016"}],"version-history":[{"count":0,"href":"http:\/\/desarrollo.grupomedios.com\/futbol\/wp-json\/wp\/v2\/posts\/421016\/revisions"}],"wp:featuredmedia":[{"embeddable":true,"href":"http:\/\/desarrollo.grupomedios.com\/futbol\/wp-json\/wp\/v2\/media\/421018"}],"wp:attachment":[{"href":"http:\/\/desarrollo.grupomedios.com\/futbol\/wp-json\/wp\/v2\/media?parent=421016"}],"wp:term":[{"taxonomy":"category","embeddable":true,"href":"http:\/\/desarrollo.grupomedios.com\/futbol\/wp-json\/wp\/v2\/categories?post=421016"},{"taxonomy":"post_tag","embeddable":true,"href":"http:\/\/desarrollo.grupomedios.com\/futbol\/wp-json\/wp\/v2\/tags?post=421016"}],"curies":[{"name":"wp","href":"https:\/\/api.w.org\/{rel}","templated":true}]}}