{"id":421034,"date":"2016-08-23T12:40:54","date_gmt":"2016-08-23T17:40:54","guid":{"rendered":"https:\/\/www.futboltotal.com.mx\/?p=421034"},"modified":"2016-08-23T12:40:54","modified_gmt":"2016-08-23T17:40:54","slug":"juegos-olimpicos-rio-sin-casos-zika","status":"publish","type":"post","link":"http:\/\/desarrollo.grupomedios.com\/futbol\/cambio-de-juego\/juegos-olimpicos-rio-sin-casos-zika\/2016\/08","title":{"rendered":"Juegos Ol\u00edmpicos de R\u00edo, sin casos de zika"},"content":{"rendered":"<p><strong>R\u00edo de Janeiro<\/strong> no registr\u00f3 ning\u00fan caso de zika durante los <strong>Juegos Ol\u00edmpicos<\/strong> que clausur\u00f3 el pasado domingo pese a las previsiones alarmistas de algunas entidades de salud que llegaron a ahuyentar a varios deportistas, informaron hoy fuentes oficiales.<\/p>\n<p>De las 8.651 personas atendidas en puestos de salud y hospitales p\u00fablicos durante los <strong>Juegos Ol\u00edmpicos<\/strong>, entre los cuales 2.133 extranjeros, ninguna fue diagnosticada o ten\u00eda los s\u00edntomas del zika, seg\u00fan un balance presentado hoy por el alcalde de <strong>R\u00edo de Janeiro<\/strong>, Eduardo Paes.<\/p>\n<blockquote class=\"twitter-tweet\" data-lang=\"es\">\n<p dir=\"ltr\" lang=\"es\">As\u00ed quedaron las principales posiciones en el medallero de <a href=\"https:\/\/twitter.com\/hashtag\/Rio2016?src=hash\">#Rio2016<\/a> <a href=\"https:\/\/t.co\/RqrFHGdmpI\">pic.twitter.com\/RqrFHGdmpI<\/a><\/p>\n<p>\u2014 Rio 2016 (@rio2016_es) <a href=\"https:\/\/twitter.com\/rio2016_es\/status\/767548652646727680\">22 de agosto de 2016<\/a><\/p><\/blockquote>\n<p><script async src=\"\/\/platform.twitter.com\/widgets.js\" charset=\"utf-8\"><\/script><\/p>\n<p>El gobernante municipal destac\u00f3 que el zika, que lleg\u00f3 a ser considerado como una de las principales amenazas al evento deportivo, destac\u00f3 por su ausencia durante los Juegos Ol\u00edmpicos.<\/p>\n<p>&#8220;Durante alg\u00fan tiempo nadie se neg\u00f3 a tratar el tema pero hab\u00eda un cierto grado de alarmismo, casi irresponsable, de algunos sectores de la salud internacional, que las personas cre\u00edan que si ven\u00edan a R\u00edo se contagiar\u00edan del virus y se enfermar\u00edan&#8221;, asegur\u00f3 el alcalde en una rueda de prensa.<\/p>\n<p>Brasil registr\u00f3 en el primer semestre del a\u00f1o una grave epidemia de zika que se extendi\u00f3 a todos los estados del pa\u00eds y que oblig\u00f3 al Gobierno a declarar estado de emergencia debido al v\u00ednculo del virus con el aumento de los casos de microcefalia entre reci\u00e9n nacidos.<\/p>\n<p style=\"text-align: center;\"><strong><span style=\"color: #3366ff;\"><a style=\"color: #3366ff;\" href=\"https:\/\/www.futboltotal.com.mx\/2016\/08\/alfredo-castillo-se-disculpa-presenta-renuncia-en-conade\/\" target=\"_blank\">LEER M\u00c1S: Enrique Castillo se disculpa y pone su renuncia de la CONADE<\/a><\/span><\/strong><\/p>\n<p>Brasil fue uno de los pa\u00edses m\u00e1s afectados en el mundo por este virus transmitido por el Aedes aegypti, el mismo mosquito responsable por el dengue y la chukungu\u00f1a.<\/p>\n<p>Pese a que las autoridades brasile\u00f1as hab\u00edan aclarado que los <strong>Juegos Ol\u00edmpicos<\/strong> se disputar\u00edan en el invierno austral y en condiciones poco propicias para la supervivencia del mosquito, por lo que el riesgo ser\u00eda muy bajo, algunas organizaciones m\u00e9dicas recomendaron la suspensi\u00f3n del mayor evento deportivo del mundo por temer a que contribuyera a una expansi\u00f3n mundial de la epidemia.<\/p>\n<p>La propia Organizaci\u00f3n Mundial de la Salud (OMS) consider\u00f3 bajo el riesgo del contagio del zika durante los <strong>Juegos Ol\u00edmpicos de R\u00edo de Janeiro<\/strong>.<\/p>\n<p>Las aclaraciones, sin embargo, no impidieron que algunos deportistas desistieran de disputar los <strong>Juegos Ol\u00edmpicos<\/strong> por supuesto temor a contraer el virus. EFE<\/p>\n","protected":false},"excerpt":{"rendered":"<p>Durante el certamen ning\u00fan atleta corri\u00f3 peligro de contagio<\/p>\n","protected":false},"author":20,"featured_media":421036,"comment_status":"closed","ping_status":"closed","sticky":false,"template":"","format":"standard","meta":[],"categories":[5419,7182,7188],"tags":[1911],"_links":{"self":[{"href":"http:\/\/desarrollo.grupomedios.com\/futbol\/wp-json\/wp\/v2\/posts\/421034"}],"collection":[{"href":"http:\/\/desarrollo.grupomedios.com\/futbol\/wp-json\/wp\/v2\/posts"}],"about":[{"href":"http:\/\/desarrollo.grupomedios.com\/futbol\/wp-json\/wp\/v2\/types\/post"}],"author":[{"embeddable":true,"href":"http:\/\/desarrollo.grupomedios.com\/futbol\/wp-json\/wp\/v2\/users\/20"}],"replies":[{"embeddable":true,"href":"http:\/\/desarrollo.grupomedios.com\/futbol\/wp-json\/wp\/v2\/comments?post=421034"}],"version-history":[{"count":0,"href":"http:\/\/desarrollo.grupomedios.com\/futbol\/wp-json\/wp\/v2\/posts\/421034\/revisions"}],"wp:featuredmedia":[{"embeddable":true,"href":"http:\/\/desarrollo.grupomedios.com\/futbol\/wp-json\/wp\/v2\/media\/421036"}],"wp:attachment":[{"href":"http:\/\/desarrollo.grupomedios.com\/futbol\/wp-json\/wp\/v2\/media?parent=421034"}],"wp:term":[{"taxonomy":"category","embeddable":true,"href":"http:\/\/desarrollo.grupomedios.com\/futbol\/wp-json\/wp\/v2\/categories?post=421034"},{"taxonomy":"post_tag","embeddable":true,"href":"http:\/\/desarrollo.grupomedios.com\/futbol\/wp-json\/wp\/v2\/tags?post=421034"}],"curies":[{"name":"wp","href":"https:\/\/api.w.org\/{rel}","templated":true}]}}