{"id":421118,"date":"2016-08-23T14:21:45","date_gmt":"2016-08-23T19:21:45","guid":{"rendered":"https:\/\/www.futboltotal.com.mx\/?p=421118"},"modified":"2016-08-23T14:21:45","modified_gmt":"2016-08-23T19:21:45","slug":"paraguay-echa-mano-la-liga-mx","status":"publish","type":"post","link":"http:\/\/desarrollo.grupomedios.com\/futbol\/futbol-mexicano\/paraguay-echa-mano-la-liga-mx\/2016\/08","title":{"rendered":"Paraguay echa mano de la Liga MX"},"content":{"rendered":"<p>El t\u00e9cnico de\u00a0<strong>Paraguay<\/strong>, Francisco Arce, dio a conocer la lista de convocados en la que aparecen seis elementos que militan en la\u00a0<strong><a href=\"https:\/\/www.futboltotal.com.mx\/futbol-mexicano\/\" target=\"_blank\">Liga MX<\/a><\/strong>, adem\u00e1s del regreso\u00a0El exdelantero del M\u00e1laga Roque Santa Cruz, ahora en el Olimpia, para los partidos de clasificaci\u00f3n para el Mundial de Rusia 2018 contra Chile y Uruguay.<\/p>\n<p>La lista, que completa la de los 18 jugadores en clubes extranjeros divulgada la pasada semana, incorpora, adem\u00e1s de a Santa Cruz, que se perdi\u00f3 por lesi\u00f3n la pasada Copa Am\u00e9rica Centenario, a Wiliam Mendieta, su compa\u00f1ero en ataque en Olimpia, y al tambi\u00e9n delantero Cecilio Dom\u00ednguez, de Cerro Porte\u00f1o.<\/p>\n<blockquote class=\"twitter-tweet\" data-lang=\"es\">\n<p dir=\"ltr\" lang=\"es\">\u26aa\ufe0f <a href=\"https:\/\/twitter.com\/hashtag\/AlbirrojaSub1FEM?src=hash\">#AlbirrojaSub1FEM<\/a> La selecci\u00f3n juvenil femenina realiza f\u00fatbol en espacios reducidos <a href=\"https:\/\/twitter.com\/hashtag\/VamosParaguay?src=hash\">#VamosParaguay<\/a> \u26bd\ufe0f <a href=\"https:\/\/t.co\/zUIEfemXQI\">pic.twitter.com\/zUIEfemXQI<\/a><\/p>\n<p>\u2014 Selecci\u00f3n Paraguaya (@Albirroja) <a href=\"https:\/\/twitter.com\/Albirroja\/status\/768165693015658500\">23 de agosto de 2016<\/a><\/p><\/blockquote>\n<p><script async src=\"\/\/platform.twitter.com\/widgets.js\" charset=\"utf-8\"><\/script><\/p>\n<p>Tambi\u00e9n fueron convocados por Arce los centrocampistas de Cerro Porte\u00f1o Marcos Riveros y Rodrigo Rojas, y el olimpista Cristian Riveros, seg\u00fan inform\u00f3 la Asociaci\u00f3n Paraguaya de F\u00fatbol en su cuenta en una red social.<\/p>\n<p>En la retaguardia, el t\u00e9cnico de la <em>Albirroja<\/em> ha recurrido al arquero Diego Barreto y al defensor Salustiano Candia, ambos pertenecientes a Olimpia, y al portero Antony Silva y al zaguero Junior Alonso, de Cerro Porte\u00f1o.<\/p>\n<blockquote class=\"twitter-tweet\" data-lang=\"es\">\n<p dir=\"ltr\" lang=\"es\">\u26aa\ufe0f La <a href=\"https:\/\/twitter.com\/hashtag\/AlbirrojaSub17FEM?src=hash\">#AlbirrojaSub17FEM<\/a> entrena en este momento en la sede del <a href=\"https:\/\/twitter.com\/coparaguay\">@coparaguay<\/a> \u00a1Rumbo a <a href=\"https:\/\/twitter.com\/hashtag\/Jordania2016?src=hash\">#Jordania2016<\/a>! \u26bd\ufe0f <a href=\"https:\/\/t.co\/VJ76MeEA0F\">pic.twitter.com\/VJ76MeEA0F<\/a><\/p>\n<p>\u2014 Selecci\u00f3n Paraguaya (@Albirroja) <a href=\"https:\/\/twitter.com\/Albirroja\/status\/768161355761344512\">23 de agosto de 2016<\/a><\/p><\/blockquote>\n<p><script async src=\"\/\/platform.twitter.com\/widgets.js\" charset=\"utf-8\"><\/script><\/p>\n<p>Lista definitiva de 27 <strong>convocados<\/strong> de <strong>Paraguay<\/strong>:<\/p>\n<p><span style=\"color: #800000;\"><strong>Porteros<\/strong><\/span>: Justo Villar (Colo Colo-CHI), Diego Barreto (Olimpia) y Antony silva (Cerro Porte\u00f1o).<\/p>\n<p><span style=\"color: #800000;\"><strong>Defensas<\/strong><\/span>: Paulo Da Silva (Toluca-MEX), Pablo Aguilar (Am\u00e9rica-MEX), Gustavo G\u00f3mez (AC Milan-ITA), Salustano Candia (Olimpia), Junior Alonso (Cerro Porte\u00f1o), Bruno Valdez (Am\u00e9rica-MEX), Juan Pati\u00f1o (Jaguares-MEX) y Jorge Moreira (River Plate-ARG).<\/p>\n<p><span style=\"color: #800000;\"><strong>Centrocampistas<\/strong><\/span>: N\u00e9stor Ortigoza (San Lorenzo-ARG), \u00d3scar Romero (Racing-ARG), V\u00edctor Ayala (Al-Nassar-KSA), Miguel Almir\u00f3n (Lan\u00fas-ARG), Marcos Riveros (Cerro Porte\u00f1o), Rodrigo Rojas (Cerro Porte\u00f1o), William Mendieta (Olimpia) y Cristian Riveros (Olimpia).<\/p>\n<p><span style=\"color: #800000;\"><strong>Delanteros<\/strong><\/span>: Edgar Ben\u00edtez (Quer\u00e9taro-MEX), Derlis Gonz\u00e1lez (Dynamo-UKR), Dar\u00edo Lezcano (Ingolstad 04-GER), Jorge Ben\u00edtez (Cruz Az\u00fal-MEX), \u00c1ngel Romero (Corinthians-BRA) y Federico Santander (Copenhagen-DEN), Roque Santa Cruz (Olimpia) y Cecilio Dom\u00ednguez (Cerro Porte\u00f1o).<\/p>\n","protected":false},"excerpt":{"rendered":"<p>Seis jugadores que militan en M\u00e9xico vestir\u00e1n la Albirroja<\/p>\n","protected":false},"author":144,"featured_media":421124,"comment_status":"closed","ping_status":"closed","sticky":false,"template":"","format":"standard","meta":[],"categories":[3839,2198,3845,5951],"tags":[64],"_links":{"self":[{"href":"http:\/\/desarrollo.grupomedios.com\/futbol\/wp-json\/wp\/v2\/posts\/421118"}],"collection":[{"href":"http:\/\/desarrollo.grupomedios.com\/futbol\/wp-json\/wp\/v2\/posts"}],"about":[{"href":"http:\/\/desarrollo.grupomedios.com\/futbol\/wp-json\/wp\/v2\/types\/post"}],"author":[{"embeddable":true,"href":"http:\/\/desarrollo.grupomedios.com\/futbol\/wp-json\/wp\/v2\/users\/144"}],"replies":[{"embeddable":true,"href":"http:\/\/desarrollo.grupomedios.com\/futbol\/wp-json\/wp\/v2\/comments?post=421118"}],"version-history":[{"count":0,"href":"http:\/\/desarrollo.grupomedios.com\/futbol\/wp-json\/wp\/v2\/posts\/421118\/revisions"}],"wp:featuredmedia":[{"embeddable":true,"href":"http:\/\/desarrollo.grupomedios.com\/futbol\/wp-json\/wp\/v2\/media\/421124"}],"wp:attachment":[{"href":"http:\/\/desarrollo.grupomedios.com\/futbol\/wp-json\/wp\/v2\/media?parent=421118"}],"wp:term":[{"taxonomy":"category","embeddable":true,"href":"http:\/\/desarrollo.grupomedios.com\/futbol\/wp-json\/wp\/v2\/categories?post=421118"},{"taxonomy":"post_tag","embeddable":true,"href":"http:\/\/desarrollo.grupomedios.com\/futbol\/wp-json\/wp\/v2\/tags?post=421118"}],"curies":[{"name":"wp","href":"https:\/\/api.w.org\/{rel}","templated":true}]}}