{"id":421220,"date":"2016-08-23T15:35:44","date_gmt":"2016-08-23T20:35:44","guid":{"rendered":"https:\/\/www.futboltotal.com.mx\/?p=421220"},"modified":"2016-08-23T15:45:06","modified_gmt":"2016-08-23T20:45:06","slug":"golazos-layun-corona-en-fase-previa-champions","status":"publish","type":"post","link":"http:\/\/desarrollo.grupomedios.com\/futbol\/videos\/golazos-layun-corona-en-fase-previa-champions\/2016\/08","title":{"rendered":"\u00a1Golazos de Lay\u00fan y Corona en fase previa de Champions!"},"content":{"rendered":"<p>En partido de vuelta de play-off por el pase a la fase de grupos de la <strong>Champions League<\/strong>, H\u00e9ctor Herrera, <strong>Miguel Lay\u00fan<\/strong> y <strong>Jes\u00fas Corona<\/strong>, tuvieron actividad en el <strong>Roma vs. Porto,<\/strong> y dos de ellos se hicieron presentes en el marcador para meterse al torneo de la UEFA.<\/p>\n<p><strong>Miguel Lay\u00fan<\/strong> anot\u00f3 el 2-0 al 72&#8242;, tras subirse a la motocicleta y dejar atr\u00e1s a la zaga rival, y al cancerbero Wojciech Szcz\u0119sny; dos minutos m\u00e1s tarde, <strong>Jes\u00fas Corona<\/strong> sentenci\u00f3 el encuentro, pues realiz\u00f3 un regate dentro del \u00e1rea para fulminar al portero de la Roma con un trayazo.<\/p>\n<p>De esta forma, <strong>Miguel Lay\u00fan<\/strong> y <strong>Jes\u00fas Corona<\/strong>, le dieron el pase al <strong>Porto<\/strong>, a la fase de grupos de la Champions League de la temporada 2016-17.<\/p>\n<p style=\"text-align: center;\"><span style=\"color: #3366ff;\"><a style=\"color: #3366ff;\" href=\"https:\/\/www.futboltotal.com.mx\/2016\/08\/en-vivo-roma-vs-porto-champions\/\" target=\"_blank\"><strong>LEER M\u00c1S: AS\u00cd SE VIVI\u00d3 | Roma 0-3 Porto<\/strong><\/a><\/span><\/p>\n<blockquote class=\"twitter-tweet\" data-lang=\"es\">\n<p dir=\"ltr\" lang=\"es\">Enorme <a href=\"https:\/\/twitter.com\/Miguel_layun\">@Miguel_layun<\/a> carajo. \u00a1Golazo! <a href=\"https:\/\/twitter.com\/FCPorto\">@FCPorto<\/a> 3-1 <a href=\"https:\/\/twitter.com\/OfficialASRoma\">@OfficialASRoma<\/a> <a href=\"https:\/\/twitter.com\/hashtag\/ChampionsLeague?src=hash\">#ChampionsLeague<\/a> <a href=\"https:\/\/t.co\/8EgcLHFdzB\">pic.twitter.com\/8EgcLHFdzB<\/a><\/p>\n<p>\u2014 Gusini Solano (@gusini21) <a href=\"https:\/\/twitter.com\/gusini21\/status\/768181654447763456\">23 de agosto de 2016<\/a><\/p><\/blockquote>\n<p><script async src=\"\/\/platform.twitter.com\/widgets.js\" charset=\"utf-8\"><\/script><\/p>\n<blockquote class=\"twitter-tweet\" data-lang=\"es\">\n<p dir=\"ltr\" lang=\"es\">Impresionante lo del &#8216;Tecatito&#8217; Corona, Kostas Manolas casi se va de cara. <a href=\"https:\/\/t.co\/MQxVBMpe0S\">pic.twitter.com\/MQxVBMpe0S<\/a><\/p>\n<p>\u2014 Juan Lara (@JuanchoL7) <a href=\"https:\/\/twitter.com\/JuanchoL7\/status\/768183249063424000\">23 de agosto de 2016<\/a><\/p><\/blockquote>\n<p><script async src=\"\/\/platform.twitter.com\/widgets.js\" charset=\"utf-8\"><\/script><\/p>\n<blockquote class=\"twitter-tweet\" data-lang=\"es\">\n<p dir=\"ltr\" lang=\"it\">73&#8242; | G\u26bdL\u26bd! \/ G\u26bdAL! \/ \u00a1G\u26bdL!<br \/>\nAS Roma 0-2 FC Porto <a href=\"https:\/\/twitter.com\/hashtag\/FCPorto?src=hash\">#FCPorto<\/a> <a href=\"https:\/\/twitter.com\/hashtag\/ASRFCP?src=hash\">#ASRFCP<\/a> <a href=\"https:\/\/twitter.com\/hashtag\/UCL?src=hash\">#UCL<\/a> <a href=\"https:\/\/t.co\/ML8AfovjRm\">pic.twitter.com\/ML8AfovjRm<\/a><\/p>\n<p>\u2014 FC Porto (@FCPorto) <a href=\"https:\/\/twitter.com\/FCPorto\/status\/768181199420424192\">23 de agosto de 2016<\/a><\/p><\/blockquote>\n<p><script async src=\"\/\/platform.twitter.com\/widgets.js\" charset=\"utf-8\"><\/script><\/p>\n<blockquote class=\"twitter-tweet\" data-lang=\"es\">\n<p dir=\"ltr\" lang=\"it\">75&#8242; | G\u26bdL\u26bd! \/ G\u26bdAL! \/ \u00a1G\u26bdL!<br \/>\nAS Roma 0-3 FC Porto <a href=\"https:\/\/twitter.com\/hashtag\/FCPorto?src=hash\">#FCPorto<\/a> <a href=\"https:\/\/twitter.com\/hashtag\/ASRFCP?src=hash\">#ASRFCP<\/a> <a href=\"https:\/\/twitter.com\/hashtag\/UCL?src=hash\">#UCL<\/a> <a href=\"https:\/\/t.co\/gdEkJxLFfu\">pic.twitter.com\/gdEkJxLFfu<\/a><\/p>\n<p>\u2014 FC Porto (@FCPorto) <a href=\"https:\/\/twitter.com\/FCPorto\/status\/768181778506973184\">23 de agosto de 2016<\/a><\/p><\/blockquote>\n<p><script async src=\"\/\/platform.twitter.com\/widgets.js\" charset=\"utf-8\"><\/script><\/p>\n","protected":false},"excerpt":{"rendered":"<p>Los mexicanos anotaron y eliminaron a la Roma<\/p>\n","protected":false},"author":20,"featured_media":421224,"comment_status":"closed","ping_status":"closed","sticky":false,"template":"","format":"standard","meta":[],"categories":[3841,3839,4],"tags":[1035,6045],"_links":{"self":[{"href":"http:\/\/desarrollo.grupomedios.com\/futbol\/wp-json\/wp\/v2\/posts\/421220"}],"collection":[{"href":"http:\/\/desarrollo.grupomedios.com\/futbol\/wp-json\/wp\/v2\/posts"}],"about":[{"href":"http:\/\/desarrollo.grupomedios.com\/futbol\/wp-json\/wp\/v2\/types\/post"}],"author":[{"embeddable":true,"href":"http:\/\/desarrollo.grupomedios.com\/futbol\/wp-json\/wp\/v2\/users\/20"}],"replies":[{"embeddable":true,"href":"http:\/\/desarrollo.grupomedios.com\/futbol\/wp-json\/wp\/v2\/comments?post=421220"}],"version-history":[{"count":0,"href":"http:\/\/desarrollo.grupomedios.com\/futbol\/wp-json\/wp\/v2\/posts\/421220\/revisions"}],"wp:featuredmedia":[{"embeddable":true,"href":"http:\/\/desarrollo.grupomedios.com\/futbol\/wp-json\/wp\/v2\/media\/421224"}],"wp:attachment":[{"href":"http:\/\/desarrollo.grupomedios.com\/futbol\/wp-json\/wp\/v2\/media?parent=421220"}],"wp:term":[{"taxonomy":"category","embeddable":true,"href":"http:\/\/desarrollo.grupomedios.com\/futbol\/wp-json\/wp\/v2\/categories?post=421220"},{"taxonomy":"post_tag","embeddable":true,"href":"http:\/\/desarrollo.grupomedios.com\/futbol\/wp-json\/wp\/v2\/tags?post=421220"}],"curies":[{"name":"wp","href":"https:\/\/api.w.org\/{rel}","templated":true}]}}