{"id":421278,"date":"2016-08-24T20:18:25","date_gmt":"2016-08-25T01:18:25","guid":{"rendered":"https:\/\/www.futboltotal.com.mx\/?p=421278"},"modified":"2016-08-24T23:27:34","modified_gmt":"2016-08-25T04:27:34","slug":"en-vivo-tigres-vs-plaza-amador-concachampions","status":"publish","type":"post","link":"http:\/\/desarrollo.grupomedios.com\/futbol\/futbol-mexicano\/en-vivo-tigres-vs-plaza-amador-concachampions\/2016\/08","title":{"rendered":"AS\u00cd SE VIVI\u00d3 | Tigres 3-1 Plaza Amador  | Concachampions"},"content":{"rendered":"<p><a class=\"twitter-timeline\" href=\"https:\/\/twitter.com\/search?q=from%3A%40TigresOficial%2C%20OR%20from%3A%40cdplazaamador\" data-widget-id=\"768620162756907008\">Tweets sobre from:@TigresOficial, OR from:@cdplazaamador<\/a><br \/>\n<script>!function(d,s,id){var js,fjs=d.getElementsByTagName(s)[0],p=\/^http:\/.test(d.location)?'http':'https';if(!d.getElementById(id)){js=d.createElement(s);js.id=id;js.src=p+\":\/\/platform.twitter.com\/widgets.js\";fjs.parentNode.insertBefore(js,fjs);}}(document,\"script\",\"twitter-wjs\");<\/script><\/p>\n<p>Los <a href=\"http:\/\/futboltotal.com.mx\/equipos\/tigres\/\" target=\"_blank\"><strong><span class=\"classCadenaBusqueda\">Tigres<\/span><\/strong><\/a>\u00a0enfrentar\u00e1n este mi\u00e9rcoles (21:00 horas) el reto del <strong>Plaza Amador<\/strong> paname\u00f1o en un duelo por el liderato del grupo G de la <a href=\"https:\/\/www.futboltotal.com.mx\/resultados\/resultados-concachampions\/\" target=\"_blank\"><strong>Concachampions<\/strong><\/a>\u00a0que completa el Herediano de Costa Rica.<\/p>\n<p>En lo que ser\u00e1 su segundo partido, estos dos equipos buscar\u00e1n un resultado que los ponga en la carrera por ganar el grupo y el boleto para los octavos de final de la Liga Concacaf, que en esta fase se disputa con a 24 equipos<\/p>\n<p>El <strong>Plaza Amador<\/strong> empat\u00f3 1-1 en su estadio con el Herediano en su debut en la Concacaf y los <strong><span class=\"classCadenaBusqueda\">Tigres<\/span><\/strong> vencieron a los costarricenses por 1-3 como visitantes para tomar el liderato que este mi\u00e9rcoles buscar\u00e1n sostener y defender ante su rival en turno.<\/p>\n<p>La escuadra mexicana, bajo la direcci\u00f3n del brasile\u00f1o Ricardo Ferretti, est\u00e1 considerada como una de las plantillas m\u00e1s amplias y de mayor valor, tanto econ\u00f3mico como deportivo, del f\u00fatbol mexicano, y es favorita para ganar el boleto a octavos de final.<\/p>\n<p>Ferretti ha dicho que la Concacaf es una buena ventaja para darle actividad a jugadores que normalmente no la tienen, aunque tambi\u00e9n ha dejado en claro que cualquiera puede ser titular en cualquier torneo por su gran capacidad.<\/p>\n<p>\u00bfCu\u00e1l es tu pron\u00f3stico para el\u00a0<strong>Tigres vs. Plaza Amador<\/strong>,\u00a0<em>crack<\/em>?<\/p>\n","protected":false},"excerpt":{"rendered":"<p>Los felinos logran su segunda victoria<\/p>\n","protected":false},"author":20,"featured_media":421924,"comment_status":"closed","ping_status":"closed","sticky":false,"template":"","format":"standard","meta":[],"categories":[5398,3839,2198],"tags":[3182,5973],"_links":{"self":[{"href":"http:\/\/desarrollo.grupomedios.com\/futbol\/wp-json\/wp\/v2\/posts\/421278"}],"collection":[{"href":"http:\/\/desarrollo.grupomedios.com\/futbol\/wp-json\/wp\/v2\/posts"}],"about":[{"href":"http:\/\/desarrollo.grupomedios.com\/futbol\/wp-json\/wp\/v2\/types\/post"}],"author":[{"embeddable":true,"href":"http:\/\/desarrollo.grupomedios.com\/futbol\/wp-json\/wp\/v2\/users\/20"}],"replies":[{"embeddable":true,"href":"http:\/\/desarrollo.grupomedios.com\/futbol\/wp-json\/wp\/v2\/comments?post=421278"}],"version-history":[{"count":0,"href":"http:\/\/desarrollo.grupomedios.com\/futbol\/wp-json\/wp\/v2\/posts\/421278\/revisions"}],"wp:featuredmedia":[{"embeddable":true,"href":"http:\/\/desarrollo.grupomedios.com\/futbol\/wp-json\/wp\/v2\/media\/421924"}],"wp:attachment":[{"href":"http:\/\/desarrollo.grupomedios.com\/futbol\/wp-json\/wp\/v2\/media?parent=421278"}],"wp:term":[{"taxonomy":"category","embeddable":true,"href":"http:\/\/desarrollo.grupomedios.com\/futbol\/wp-json\/wp\/v2\/categories?post=421278"},{"taxonomy":"post_tag","embeddable":true,"href":"http:\/\/desarrollo.grupomedios.com\/futbol\/wp-json\/wp\/v2\/tags?post=421278"}],"curies":[{"name":"wp","href":"https:\/\/api.w.org\/{rel}","templated":true}]}}