{"id":421374,"date":"2016-08-23T19:02:29","date_gmt":"2016-08-24T00:02:29","guid":{"rendered":"https:\/\/www.futboltotal.com.mx\/?p=421374"},"modified":"2016-08-23T19:03:50","modified_gmt":"2016-08-24T00:03:50","slug":"barca-alista-renovacion-ter-stegen","status":"publish","type":"post","link":"http:\/\/desarrollo.grupomedios.com\/futbol\/futbol-internacional\/barca-alista-renovacion-ter-stegen\/2016\/08","title":{"rendered":"Bar\u00e7a alista renovaci\u00f3n para Ter Stegen"},"content":{"rendered":"<p>La directiva del <strong>Barcelona<\/strong> ha dado un espaldarazo al portero alem\u00e1n <strong>Marc-Andr\u00e9 Ter Stegen<\/strong>\u00a0y ha tomado la decisi\u00f3n de renovar su contrato y mejorar el salario que percibe actualmente. El arquero, fichado en 2014, ahora ser\u00e1 uno de los jugadores mejor pagados del club.<\/p>\n<p>Tras concretarse la marcha del portero chileno Claudio Bravo al Manchester City, el conjunto catal\u00e1n tiene como prioridad atar al arquero alem\u00e1n hasta 2021, seg\u00fan revela el diario <em>Sport.<\/em> La operaci\u00f3n vendr\u00e1 a reforzar la idea de que <strong>Ter Stegen<\/strong> es la gran apuesta a futuro en la porter\u00eda <em>azulgrana,\u00a0<\/em>sobre todo tras la marcha de Claudio Bravo y la nueva contrataci\u00f3n del meta Jasper Cillissen, quien ser\u00e1 el \u00faltimo fichaje de los <em>Cul\u00e9s<\/em>\u00a0para la campa\u00f1a 2016-17.<\/p>\n<p style=\"text-align: center;\"><span style=\"color: #3366ff;\"><strong>LEER M\u00c1S: Todas las noticias de futbol internacional<\/strong><\/span><\/p>\n<p style=\"text-align: left;\">Antes de oficializar la firma del nuevo contrato de <strong>Ter Stegen<\/strong>, el <strong>Barcelona<\/strong> deber\u00e1 cerrar el traspaso de <strong>Bravo <\/strong>al Manchester City\u00a0-ser\u00e1 el sexto\u00a0portero\u00a0m\u00e1s caro en la historia del futbol- y adem\u00e1s tendr\u00e1 que anunciar la llegada de Cillessen, quien dejar\u00e1 al Ajax despu\u00e9s de ganar cuatro t\u00edtulos en cinco a\u00f1os para llegar al Bar\u00e7a e intentar competir por un puesto con el alem\u00e1n.<\/p>\n<p style=\"text-align: left;\">Si las cosas no fallan, la renovaci\u00f3n de <strong>Stegen<\/strong>\u00a0ser\u00e1 en los pr\u00f3ximos d\u00edas. Luego tendr\u00e1 que demostrar que es un digno recambio para Bravo y pagar con creces la confianza plena que le han dado tanto la directiva como el cuerpo t\u00e9cnico del club.<\/p>\n","protected":false},"excerpt":{"rendered":"<p>Tras la marcha de Bravo, los Cul\u00e9s amarran al portero alem\u00e1n<\/p>\n","protected":false},"author":20,"featured_media":421384,"comment_status":"closed","ping_status":"closed","sticky":false,"template":"","format":"standard","meta":[],"categories":[3839,3844],"tags":[5984,4510],"_links":{"self":[{"href":"http:\/\/desarrollo.grupomedios.com\/futbol\/wp-json\/wp\/v2\/posts\/421374"}],"collection":[{"href":"http:\/\/desarrollo.grupomedios.com\/futbol\/wp-json\/wp\/v2\/posts"}],"about":[{"href":"http:\/\/desarrollo.grupomedios.com\/futbol\/wp-json\/wp\/v2\/types\/post"}],"author":[{"embeddable":true,"href":"http:\/\/desarrollo.grupomedios.com\/futbol\/wp-json\/wp\/v2\/users\/20"}],"replies":[{"embeddable":true,"href":"http:\/\/desarrollo.grupomedios.com\/futbol\/wp-json\/wp\/v2\/comments?post=421374"}],"version-history":[{"count":0,"href":"http:\/\/desarrollo.grupomedios.com\/futbol\/wp-json\/wp\/v2\/posts\/421374\/revisions"}],"wp:featuredmedia":[{"embeddable":true,"href":"http:\/\/desarrollo.grupomedios.com\/futbol\/wp-json\/wp\/v2\/media\/421384"}],"wp:attachment":[{"href":"http:\/\/desarrollo.grupomedios.com\/futbol\/wp-json\/wp\/v2\/media?parent=421374"}],"wp:term":[{"taxonomy":"category","embeddable":true,"href":"http:\/\/desarrollo.grupomedios.com\/futbol\/wp-json\/wp\/v2\/categories?post=421374"},{"taxonomy":"post_tag","embeddable":true,"href":"http:\/\/desarrollo.grupomedios.com\/futbol\/wp-json\/wp\/v2\/tags?post=421374"}],"curies":[{"name":"wp","href":"https:\/\/api.w.org\/{rel}","templated":true}]}}