{"id":421392,"date":"2016-08-23T19:39:02","date_gmt":"2016-08-24T00:39:02","guid":{"rendered":"https:\/\/www.futboltotal.com.mx\/?p=421392"},"modified":"2016-08-23T19:39:02","modified_gmt":"2016-08-24T00:39:02","slug":"kasi-bennet-la-belleza-traiciono-bolt","status":"publish","type":"post","link":"http:\/\/desarrollo.grupomedios.com\/futbol\/galerias\/kasi-bennet-la-belleza-traiciono-bolt\/2016\/08","title":{"rendered":"Kasi Bennet, la belleza que traicion\u00f3 Bolt"},"content":{"rendered":"<p><strong>Usain Bolt<\/strong> maravill\u00f3 en los Juegos Ol\u00edmpicos, pero no todo fue felicidad para el hombre m\u00e1s r\u00e1pido del mundo, pues se <a href=\"https:\/\/www.futboltotal.com.mx\/2016\/08\/sexy-brasilena-sorprende-a-usain-bolt-twerking\/\" target=\"_blank\">filtraron unas fotos<\/a> en las que se muestra muy cari\u00f1oso con la brasile\u00f1a <strong>Jady Duarte<\/strong>, lo cual podr\u00eda poner fin a su relaci\u00f3n de tres a\u00f1os con la jamaicana, <strong>Kasi Bennet<\/strong>, cuya belleza es tal que la comparan con Kim Kardashian.<\/p>\n<div id=\"galleryYxz\" style=\"display:none;\"><img alt=\"\" src=\"http:\/\/desarrollo.grupomedios.com\/futbol\/wp-content\/uploads\/2016\/08\/kasi-bennet-1.jpg\" data-image=\"http:\/\/desarrollo.grupomedios.com\/futbol\/wp-content\/uploads\/2016\/08\/kasi-bennet-1.jpg\" data-description=\"kasi-bennet-1\"><img alt=\"\" src=\"http:\/\/desarrollo.grupomedios.com\/futbol\/wp-content\/uploads\/2016\/08\/kasi-bennet-2.jpg\" data-image=\"http:\/\/desarrollo.grupomedios.com\/futbol\/wp-content\/uploads\/2016\/08\/kasi-bennet-2.jpg\" data-description=\"kasi-bennet-2\"><img alt=\"\" src=\"http:\/\/desarrollo.grupomedios.com\/futbol\/wp-content\/uploads\/2016\/08\/kasi-bennet-3.jpg\" data-image=\"http:\/\/desarrollo.grupomedios.com\/futbol\/wp-content\/uploads\/2016\/08\/kasi-bennet-3.jpg\" data-description=\"kasi-bennet-3\"><img alt=\"\" src=\"http:\/\/desarrollo.grupomedios.com\/futbol\/wp-content\/uploads\/2016\/08\/kasi-bennet-4.jpg\" data-image=\"http:\/\/desarrollo.grupomedios.com\/futbol\/wp-content\/uploads\/2016\/08\/kasi-bennet-4.jpg\" data-description=\"kasi-bennet-4\"><img alt=\"\" src=\"http:\/\/desarrollo.grupomedios.com\/futbol\/wp-content\/uploads\/2016\/08\/kasi-bennet-5.jpg\" data-image=\"http:\/\/desarrollo.grupomedios.com\/futbol\/wp-content\/uploads\/2016\/08\/kasi-bennet-5.jpg\" data-description=\"kasi-bennet-5\"><img alt=\"\" src=\"http:\/\/desarrollo.grupomedios.com\/futbol\/wp-content\/uploads\/2016\/08\/kasi-bennet-6.jpg\" data-image=\"http:\/\/desarrollo.grupomedios.com\/futbol\/wp-content\/uploads\/2016\/08\/kasi-bennet-6.jpg\" data-description=\"kasi-bennet-6\"><img alt=\"\" src=\"http:\/\/desarrollo.grupomedios.com\/futbol\/wp-content\/uploads\/2016\/08\/kasi-bennet-7.jpg\" data-image=\"http:\/\/desarrollo.grupomedios.com\/futbol\/wp-content\/uploads\/2016\/08\/kasi-bennet-7.jpg\" data-description=\"kasi-bennet-7\"><img alt=\"\" src=\"http:\/\/desarrollo.grupomedios.com\/futbol\/wp-content\/uploads\/2016\/08\/kasi-bennet-8.jpg\" data-image=\"http:\/\/desarrollo.grupomedios.com\/futbol\/wp-content\/uploads\/2016\/08\/kasi-bennet-8.jpg\" data-description=\"kasi-bennet-8\"><\/div>\n        <script>\n        \/\/galeria 1\n        jQuery(document).ready(function(){ \n            var api;\n            api = jQuery(\"#galleryYxz\").unitegallery({\n                carousel_autoplay: false\n            }); \n        });\n        <\/script>\n        \n","protected":false},"excerpt":{"rendered":"<p>La &#8220;fashionista&#8221; es conocida como la Kim Kardashian jamaicana <\/p>\n","protected":false},"author":20,"featured_media":421410,"comment_status":"closed","ping_status":"closed","sticky":false,"template":"","format":"standard","meta":[],"categories":[6408,5422,3],"tags":[4166,2033],"_links":{"self":[{"href":"http:\/\/desarrollo.grupomedios.com\/futbol\/wp-json\/wp\/v2\/posts\/421392"}],"collection":[{"href":"http:\/\/desarrollo.grupomedios.com\/futbol\/wp-json\/wp\/v2\/posts"}],"about":[{"href":"http:\/\/desarrollo.grupomedios.com\/futbol\/wp-json\/wp\/v2\/types\/post"}],"author":[{"embeddable":true,"href":"http:\/\/desarrollo.grupomedios.com\/futbol\/wp-json\/wp\/v2\/users\/20"}],"replies":[{"embeddable":true,"href":"http:\/\/desarrollo.grupomedios.com\/futbol\/wp-json\/wp\/v2\/comments?post=421392"}],"version-history":[{"count":0,"href":"http:\/\/desarrollo.grupomedios.com\/futbol\/wp-json\/wp\/v2\/posts\/421392\/revisions"}],"wp:featuredmedia":[{"embeddable":true,"href":"http:\/\/desarrollo.grupomedios.com\/futbol\/wp-json\/wp\/v2\/media\/421410"}],"wp:attachment":[{"href":"http:\/\/desarrollo.grupomedios.com\/futbol\/wp-json\/wp\/v2\/media?parent=421392"}],"wp:term":[{"taxonomy":"category","embeddable":true,"href":"http:\/\/desarrollo.grupomedios.com\/futbol\/wp-json\/wp\/v2\/categories?post=421392"},{"taxonomy":"post_tag","embeddable":true,"href":"http:\/\/desarrollo.grupomedios.com\/futbol\/wp-json\/wp\/v2\/tags?post=421392"}],"curies":[{"name":"wp","href":"https:\/\/api.w.org\/{rel}","templated":true}]}}