{"id":421612,"date":"2016-08-24T14:45:37","date_gmt":"2016-08-24T19:45:37","guid":{"rendered":"https:\/\/www.futboltotal.com.mx\/?p=421612"},"modified":"2016-08-24T14:46:13","modified_gmt":"2016-08-24T19:46:13","slug":"olympiacos-cuenta-alan-pulido","status":"publish","type":"post","link":"http:\/\/desarrollo.grupomedios.com\/futbol\/futbol-internacional\/olympiacos-cuenta-alan-pulido\/2016\/08","title":{"rendered":"Olympiacos cuenta con Alan Pulido"},"content":{"rendered":"<p>El atacante mexicano <strong>Alan Pulido<\/strong> fue convocado por el director t\u00e9cnico portugu\u00e9s Paulo Bento, con miras al encuentro de este jueves entre el <strong>Olympiacos<\/strong> y el Arouca, a disputarse en el estadio Georgios Karaiskaki.<\/p>\n<p>En actividad de los partidos de vuelta de la ronda previa de la Europa League, el conjunto griego le har\u00e1 los honores al cuadro portugu\u00e9s con la intenci\u00f3n de amarrar su pase a la fase de grupos del segundo torneo m\u00e1s importante a nivel de clubes en el \u201cviejo continente\u201d.<\/p>\n<p style=\"text-align: center;\"><span style=\"color: #3366ff;\"><a style=\"color: #3366ff;\" href=\"https:\/\/www.futboltotal.com.mx\/2016\/08\/alan-pulido-estaria-cerca-volver-a-la-liga-mx\/\"><strong>LEER M\u00c1S: Pulido podr\u00eda volver a la Liga MX\u00a0<\/strong><\/a><\/span><\/p>\n<p>El entrenador lusitano dio a conocer la lista de 18 futbolistas del <strong>Olympiacos<\/strong>, donde fue incluido el jugador tamaulipeco, justo despu\u00e9s de los rumores que lo vinculan con el equipo de Chivas de Guadalajara.<\/p>\n<p>Pulido Izaguirre una vez m\u00e1s fue considerado por Paulo Bento para conformar la convocatoria a la espera de que tenga actividad, ya que en el juego de ida en suelo portugu\u00e9s se qued\u00f3 en el banquillo.<\/p>\n<p>La semana pasada <strong>Olympiacos<\/strong> super\u00f3 1-0 al Arouca en condici\u00f3n de visitante, por lo que ma\u00f1ana tratar\u00e1 de sellar su boleto a la Europa League, luego de que antes no pudo alcanzar su pase a la Champions League, m\u00e1ximo certamen a nivel de clubes, tras caer en la repesca contra el\u00a0Hapoel Be&#8217;er Sheva israel\u00ed.<\/p>\n<p>Alan<strong> Pulido<\/strong> lleg\u00f3 al cuadro <em>rojiblanco<\/em>, de la S\u00faper Liga de Grecia, desde la temporada pasada, luego de un pr\u00e9stamo con Levadiakos y un sinf\u00edn de problemas extra cancha con su exequipo Tigres de la UANL.<\/p>\n<p>En esta nueva campa\u00f1a, todav\u00eda sin que arranque la competici\u00f3n local en Grecia, al ser aplazada la primera fecha por falta de seguridad en los estadios, Alan Pulido ans\u00eda ser un elemento m\u00e1s regular en el balompi\u00e9 europeo o tendr\u00e1 que valorar un retorno al futbol mexicano con Chivas antes del 9 de septiembre.<\/p>\n<p>El mundialista en Brasil 2014 tiene el futuro incierto en Olympiacos, que busca la contrataci\u00f3n del fichaje brasile\u00f1o Nilmar y en caso de que se concrete la llegada del sudamericano, el mexicano tendr\u00e1 la v\u00eda libre para salir, dado que ser\u00eda la tercera opci\u00f3n del t\u00e9cnico Bento para conformar su ataque, por detr\u00e1s del propio brasile\u00f1o y del nigeriano Brown Ideye.<\/p>\n","protected":false},"excerpt":{"rendered":"<p>El DT Paulo Bento convoca al delantero mexicano para la UEL<\/p>\n","protected":false},"author":20,"featured_media":421608,"comment_status":"closed","ping_status":"closed","sticky":false,"template":"","format":"standard","meta":[],"categories":[3857,3839],"tags":[1607,6091],"_links":{"self":[{"href":"http:\/\/desarrollo.grupomedios.com\/futbol\/wp-json\/wp\/v2\/posts\/421612"}],"collection":[{"href":"http:\/\/desarrollo.grupomedios.com\/futbol\/wp-json\/wp\/v2\/posts"}],"about":[{"href":"http:\/\/desarrollo.grupomedios.com\/futbol\/wp-json\/wp\/v2\/types\/post"}],"author":[{"embeddable":true,"href":"http:\/\/desarrollo.grupomedios.com\/futbol\/wp-json\/wp\/v2\/users\/20"}],"replies":[{"embeddable":true,"href":"http:\/\/desarrollo.grupomedios.com\/futbol\/wp-json\/wp\/v2\/comments?post=421612"}],"version-history":[{"count":0,"href":"http:\/\/desarrollo.grupomedios.com\/futbol\/wp-json\/wp\/v2\/posts\/421612\/revisions"}],"wp:featuredmedia":[{"embeddable":true,"href":"http:\/\/desarrollo.grupomedios.com\/futbol\/wp-json\/wp\/v2\/media\/421608"}],"wp:attachment":[{"href":"http:\/\/desarrollo.grupomedios.com\/futbol\/wp-json\/wp\/v2\/media?parent=421612"}],"wp:term":[{"taxonomy":"category","embeddable":true,"href":"http:\/\/desarrollo.grupomedios.com\/futbol\/wp-json\/wp\/v2\/categories?post=421612"},{"taxonomy":"post_tag","embeddable":true,"href":"http:\/\/desarrollo.grupomedios.com\/futbol\/wp-json\/wp\/v2\/tags?post=421612"}],"curies":[{"name":"wp","href":"https:\/\/api.w.org\/{rel}","templated":true}]}}