{"id":421626,"date":"2016-08-24T14:53:15","date_gmt":"2016-08-24T19:53:15","guid":{"rendered":"https:\/\/www.futboltotal.com.mx\/?p=421626"},"modified":"2016-08-24T14:53:15","modified_gmt":"2016-08-24T19:53:15","slug":"rafa-marquez-fue-uno-mis-maestros-gerard-pique","status":"publish","type":"post","link":"http:\/\/desarrollo.grupomedios.com\/futbol\/futbol-mexicano\/rafa-marquez-fue-uno-mis-maestros-gerard-pique\/2016\/08","title":{"rendered":"\u201cRafa M\u00e1rquez fue uno de mis maestros\u201d: Gerard Piqu\u00e9"},"content":{"rendered":"<p>En los seis a\u00f1os que jug\u00f3 con\u00a0<strong>Barcelona<\/strong>, <strong>Rafael M\u00e1rquez<\/strong> se convirti\u00f3 en uno de los elementos m\u00e1s importantes del club, situaci\u00f3n que lo erigi\u00f3 como\u00a0un ejemplo a seguir, al grado que hoy estrellas de la talla como <strong>Gerard Piqu\u00e9<\/strong> admiten que ven en el mexicano a un maestro.<\/p>\n<p>Por medio de <em>Twitter<\/em>, el zaguero espa\u00f1ol se dio un tiempo para responder algunas preguntas de sus seguidores, entre las distintas dudas, le cuestionaron sobre qui\u00e9n influy\u00f3 en su estilo a lo cual \u00e9ste dio seis nombres en el que destaca el hoy capit\u00e1n del Atlas.<\/p>\n<blockquote class=\"twitter-tweet\" data-lang=\"es\">\n<p dir=\"ltr\" lang=\"es\">Gracias a Rio, Vidic, Gabi Milito, Rafa M\u00e1rquez, Mascherano y en especial <a href=\"https:\/\/twitter.com\/Carles5puyol\">@Carles5puyol<\/a>. De todos ellos aprend\u00ed algo <a href=\"https:\/\/t.co\/UiszEmcOFW\">https:\/\/t.co\/UiszEmcOFW<\/a><\/p>\n<p>\u2014 Gerard Piqu\u00e9 (@3gerardpique) <a href=\"https:\/\/twitter.com\/3gerardpique\/status\/768511183020228608\">24 de agosto de 2016<\/a><\/p><\/blockquote>\n<p><script async src=\"\/\/platform.twitter.com\/widgets.js\" charset=\"utf-8\"><\/script><\/p>\n<p><strong><em>Rafa<\/em> M\u00e1rquez<\/strong> jug\u00f3 cerca de 250 partidos en los que consigui\u00f3 11 t\u00edtulos ya sea en Espa\u00f1a o a nivel internacional.<\/p>\n","protected":false},"excerpt":{"rendered":"<p>El defensa confes\u00f3 su admiraci\u00f3n por el K\u00e1iser<\/p>\n","protected":false},"author":20,"featured_media":421628,"comment_status":"closed","ping_status":"closed","sticky":false,"template":"","format":"standard","meta":[],"categories":[3839,2198,3844,5951],"tags":[5984,6015,6033],"_links":{"self":[{"href":"http:\/\/desarrollo.grupomedios.com\/futbol\/wp-json\/wp\/v2\/posts\/421626"}],"collection":[{"href":"http:\/\/desarrollo.grupomedios.com\/futbol\/wp-json\/wp\/v2\/posts"}],"about":[{"href":"http:\/\/desarrollo.grupomedios.com\/futbol\/wp-json\/wp\/v2\/types\/post"}],"author":[{"embeddable":true,"href":"http:\/\/desarrollo.grupomedios.com\/futbol\/wp-json\/wp\/v2\/users\/20"}],"replies":[{"embeddable":true,"href":"http:\/\/desarrollo.grupomedios.com\/futbol\/wp-json\/wp\/v2\/comments?post=421626"}],"version-history":[{"count":0,"href":"http:\/\/desarrollo.grupomedios.com\/futbol\/wp-json\/wp\/v2\/posts\/421626\/revisions"}],"wp:featuredmedia":[{"embeddable":true,"href":"http:\/\/desarrollo.grupomedios.com\/futbol\/wp-json\/wp\/v2\/media\/421628"}],"wp:attachment":[{"href":"http:\/\/desarrollo.grupomedios.com\/futbol\/wp-json\/wp\/v2\/media?parent=421626"}],"wp:term":[{"taxonomy":"category","embeddable":true,"href":"http:\/\/desarrollo.grupomedios.com\/futbol\/wp-json\/wp\/v2\/categories?post=421626"},{"taxonomy":"post_tag","embeddable":true,"href":"http:\/\/desarrollo.grupomedios.com\/futbol\/wp-json\/wp\/v2\/tags?post=421626"}],"curies":[{"name":"wp","href":"https:\/\/api.w.org\/{rel}","templated":true}]}}