{"id":421644,"date":"2016-08-24T15:30:07","date_gmt":"2016-08-24T20:30:07","guid":{"rendered":"https:\/\/www.futboltotal.com.mx\/?p=421644"},"modified":"2016-08-24T15:32:28","modified_gmt":"2016-08-24T20:32:28","slug":"oribe-peralta-trollea-a-enrique-pena-nieto","status":"publish","type":"post","link":"http:\/\/desarrollo.grupomedios.com\/futbol\/futbol-mexicano\/oribe-peralta-trollea-a-enrique-pena-nieto\/2016\/08","title":{"rendered":"Oribe Peralta &#8220;trollea&#8221; a Enrique Pe\u00f1a Nieto"},"content":{"rendered":"<p>El delantero del <a href=\"http:\/\/futboltotal.com.mx\/equipos\/america\/\" target=\"_blank\"><strong>Am\u00e9rica<\/strong><\/a>, <strong>Oribe Peralta<\/strong>, sobresali\u00f3 el 23 de agosto, luego de una publicaci\u00f3n en Twitter en la que contest\u00f3 a un aficionado, quien hab\u00eda insinuado una supuesta falta de cultura del futbolista; sin embargo, la respuesta del jugador fue inteligente y el hincha termin\u00f3 por ser humillado.<\/p>\n<p>Pero al siguiente d\u00eda, <strong>Oribe Peralta<\/strong> decidi\u00f3 revelar, que el comentario que hab\u00eda hecho en Twitter no hab\u00eda sido de \u00e9l, sino de su compa\u00f1ero de equipo, el portero <strong>Mois\u00e9s Mu\u00f1oz<\/strong>; pero en esta nueva publicaci\u00f3n, el delantero se burl\u00f3 del presidente de M\u00e9xico, <strong>Enrique Pe\u00f1a Nieto<\/strong>, quien figura en las redes sociales desde el fin de semana, por un problema de plagio universitario.<\/p>\n<p style=\"text-align: center;\"><span style=\"color: #3366ff;\"><a style=\"color: #3366ff;\" href=\"https:\/\/www.futboltotal.com.mx\/2016\/08\/oribe-peralta-trollea-a-aficionado\/\" target=\"_blank\"><strong>LEER M\u00c1S: El trolleo de Oribe y Moi<\/strong><\/a><\/span><\/p>\n<blockquote class=\"twitter-tweet\" data-lang=\"es\">\n<p dir=\"ltr\" lang=\"es\">Buen d\u00eda! El autor del tuit de ayer fue <a href=\"https:\/\/twitter.com\/MoyMu23\">@MoyMu23<\/a> as\u00ed que todos los para \u00e9l <a href=\"https:\/\/twitter.com\/hashtag\/NoSoyPlagiario?src=hash\">#NoSoyPlagiario<\/a><\/p>\n<p>\u2014 Oribe Peralta (@OribePeralta) <a href=\"https:\/\/twitter.com\/OribePeralta\/status\/768461861993914369\">24 de agosto de 2016<\/a><\/p><\/blockquote>\n<p><script async src=\"\/\/platform.twitter.com\/widgets.js\" charset=\"utf-8\"><\/script><\/p>\n<p>Adem\u00e1s, el delantero retuite\u00f3 una publicaci\u00f3n de un aficionado, que se maravill\u00f3 con la inteligencia de los futbolistas <em>azulcremas<\/em>, a quienes cataloga de <em>cracks<\/em>, dentro y fuera de la cancha.<\/p>\n<blockquote class=\"twitter-tweet\" data-lang=\"es\">\n<p dir=\"ltr\" lang=\"es\"><a href=\"https:\/\/twitter.com\/OribePeralta\">@OribePeralta<\/a> wooooooo soberbios EB la cancha y fuera de ella los americanista somos chingones al 100% jajajaja <a href=\"https:\/\/t.co\/wbPNxHbh5p\">pic.twitter.com\/wbPNxHbh5p<\/a><\/p>\n<p>\u2014 Manuel (@manipacman87) <a href=\"https:\/\/twitter.com\/manipacman87\/status\/768521865312608257\">24 de agosto de 2016<\/a><\/p><\/blockquote>\n<p><script async src=\"\/\/platform.twitter.com\/widgets.js\" charset=\"utf-8\"><\/script><\/p>\n<p><span style=\"color: #ff0000;\"><strong>VIDEO<\/strong>: Agenda de TV de la jornada 7<\/span><\/p>\n<p>[video_player]https:\/\/player.vimeo.com\/external\/179825889.sd.mp4?s=a4661c6ea269b39d1408680db16d7234a9de9588&amp;profile_id=165[\/video_player]<\/p>\n","protected":false},"excerpt":{"rendered":"<p>Adem\u00e1s, revela complicidad de Mois\u00e9s Mu\u00f1oz en Twitter<\/p>\n","protected":false},"author":20,"featured_media":421646,"comment_status":"closed","ping_status":"closed","sticky":false,"template":"","format":"standard","meta":[],"categories":[5419,2198,3845,5950],"tags":[5959,635,62],"_links":{"self":[{"href":"http:\/\/desarrollo.grupomedios.com\/futbol\/wp-json\/wp\/v2\/posts\/421644"}],"collection":[{"href":"http:\/\/desarrollo.grupomedios.com\/futbol\/wp-json\/wp\/v2\/posts"}],"about":[{"href":"http:\/\/desarrollo.grupomedios.com\/futbol\/wp-json\/wp\/v2\/types\/post"}],"author":[{"embeddable":true,"href":"http:\/\/desarrollo.grupomedios.com\/futbol\/wp-json\/wp\/v2\/users\/20"}],"replies":[{"embeddable":true,"href":"http:\/\/desarrollo.grupomedios.com\/futbol\/wp-json\/wp\/v2\/comments?post=421644"}],"version-history":[{"count":0,"href":"http:\/\/desarrollo.grupomedios.com\/futbol\/wp-json\/wp\/v2\/posts\/421644\/revisions"}],"wp:featuredmedia":[{"embeddable":true,"href":"http:\/\/desarrollo.grupomedios.com\/futbol\/wp-json\/wp\/v2\/media\/421646"}],"wp:attachment":[{"href":"http:\/\/desarrollo.grupomedios.com\/futbol\/wp-json\/wp\/v2\/media?parent=421644"}],"wp:term":[{"taxonomy":"category","embeddable":true,"href":"http:\/\/desarrollo.grupomedios.com\/futbol\/wp-json\/wp\/v2\/categories?post=421644"},{"taxonomy":"post_tag","embeddable":true,"href":"http:\/\/desarrollo.grupomedios.com\/futbol\/wp-json\/wp\/v2\/tags?post=421644"}],"curies":[{"name":"wp","href":"https:\/\/api.w.org\/{rel}","templated":true}]}}