{"id":421724,"date":"2016-08-24T17:13:35","date_gmt":"2016-08-24T22:13:35","guid":{"rendered":"https:\/\/www.futboltotal.com.mx\/?p=421724"},"modified":"2016-08-24T17:13:35","modified_gmt":"2016-08-24T22:13:35","slug":"cillessen-va-al-barca-eliminado-champions-league","status":"publish","type":"post","link":"http:\/\/desarrollo.grupomedios.com\/futbol\/futbol-internacional\/cillessen-va-al-barca-eliminado-champions-league\/2016\/08","title":{"rendered":"Cillessen va al Bar\u00e7a eliminado de Champions League"},"content":{"rendered":"<p>El portero holand\u00e9s <strong>Jasper Cillessen<\/strong>, quien se aproxima como nuevo fichaje del <strong>Barcelona<\/strong>, fue parte de la derrota que sufr\u00edo el <strong>Ajax<\/strong> por 4-1 y que sorpresivamente los dej\u00f3 eliminados de la<strong> Champions League<\/strong> por parte del Rostov de Rusia.<\/p>\n<blockquote class=\"twitter-tweet\" data-lang=\"es\">\n<p dir=\"ltr\" lang=\"es\">Copenhague, Rostov, City, y Gladbach estar\u00e1n en la fase de grupos de la <a href=\"https:\/\/twitter.com\/hashtag\/UCL?src=hash\">#UCL<\/a>  Salzburgo y Dinamo, a la pr\u00f3rroga. <a href=\"https:\/\/t.co\/rgPv46GGb4\">pic.twitter.com\/rgPv46GGb4<\/a><\/p>\n<p>\u2014 Liga de Campeones (@LigadeCampeones) <a href=\"https:\/\/twitter.com\/LigadeCampeones\/status\/768548941206003712\">24 de agosto de 2016<\/a><\/p><\/blockquote>\n<p><script async src=\"\/\/platform.twitter.com\/widgets.js\" charset=\"utf-8\"><\/script><\/p>\n<p>A pesar de que en el partido de ida empataron 1-1 en Amsterdam, los rusos dejaron ver su superioridad y esta vez hicieron valer su condici\u00f3n de local en casa, para dar la sorpresa y clasificarse por primera vez a la Fase de Grupos de la <strong>Champions Legue<\/strong>.<\/p>\n<p style=\"text-align: center;\"><strong><span style=\"color: #3366ff;\"><a style=\"color: #3366ff;\" href=\"https:\/\/www.futboltotal.com.mx\/2016\/08\/hart-se-despide-triunfo-del-manchester-city\/\">LEER M\u00c1S: Hart se despide con triunfo del Manchester City<\/a><\/span><\/strong><\/p>\n<p>Seg\u00fan medios espa\u00f1oles, <strong>Cillessen<\/strong> ya tendr\u00eda que haber viajado a Barcelona para cerrar su fichaje con el Barcelona, aunque el holand\u00e9s pidi\u00f3 disputar el partido ante el Rostov para ayudar a su todav\u00eda equipo a clasificarse a la ronda de grupos, aunque fall\u00f3 en el intento.<\/p>\n<p>Durante el partido el portero holand\u00e9s poco pudo hacer en los goles , pues recibi\u00f3 dos de cabeza y otro desviado en su \u00e1rea chica.<\/p>\n<p><iframe loading=\"lazy\" src=\"https:\/\/www.youtube.com\/embed\/rngFt2XMXhQ?feature=oembed\" frameborder=\"0\" allowfullscreen><\/iframe><\/p>\n","protected":false},"excerpt":{"rendered":"<p>Ajax fue eliminado 4-1 por el Rostov<\/p>\n","protected":false},"author":20,"featured_media":421748,"comment_status":"closed","ping_status":"closed","sticky":false,"template":"","format":"standard","meta":[],"categories":[3841,3839,5951],"tags":[1603,5984,36],"_links":{"self":[{"href":"http:\/\/desarrollo.grupomedios.com\/futbol\/wp-json\/wp\/v2\/posts\/421724"}],"collection":[{"href":"http:\/\/desarrollo.grupomedios.com\/futbol\/wp-json\/wp\/v2\/posts"}],"about":[{"href":"http:\/\/desarrollo.grupomedios.com\/futbol\/wp-json\/wp\/v2\/types\/post"}],"author":[{"embeddable":true,"href":"http:\/\/desarrollo.grupomedios.com\/futbol\/wp-json\/wp\/v2\/users\/20"}],"replies":[{"embeddable":true,"href":"http:\/\/desarrollo.grupomedios.com\/futbol\/wp-json\/wp\/v2\/comments?post=421724"}],"version-history":[{"count":0,"href":"http:\/\/desarrollo.grupomedios.com\/futbol\/wp-json\/wp\/v2\/posts\/421724\/revisions"}],"wp:featuredmedia":[{"embeddable":true,"href":"http:\/\/desarrollo.grupomedios.com\/futbol\/wp-json\/wp\/v2\/media\/421748"}],"wp:attachment":[{"href":"http:\/\/desarrollo.grupomedios.com\/futbol\/wp-json\/wp\/v2\/media?parent=421724"}],"wp:term":[{"taxonomy":"category","embeddable":true,"href":"http:\/\/desarrollo.grupomedios.com\/futbol\/wp-json\/wp\/v2\/categories?post=421724"},{"taxonomy":"post_tag","embeddable":true,"href":"http:\/\/desarrollo.grupomedios.com\/futbol\/wp-json\/wp\/v2\/tags?post=421724"}],"curies":[{"name":"wp","href":"https:\/\/api.w.org\/{rel}","templated":true}]}}