{"id":421758,"date":"2016-08-27T19:18:16","date_gmt":"2016-08-28T00:18:16","guid":{"rendered":"https:\/\/www.futboltotal.com.mx\/?p=421758"},"modified":"2016-08-27T21:04:37","modified_gmt":"2016-08-28T02:04:37","slug":"en-vivo-tigres-vs-veracruz-liga-mx","status":"publish","type":"post","link":"http:\/\/desarrollo.grupomedios.com\/futbol\/futbol-mexicano\/en-vivo-tigres-vs-veracruz-liga-mx\/2016\/08","title":{"rendered":"AS\u00cd SE VIVI\u00d3 | Tigres 1-1 Veracruz | Liga MX"},"content":{"rendered":"<p><a class=\"twitter-timeline\" href=\"https:\/\/twitter.com\/search?q=from%3ATigresOficial%2C%20OR%20from%3AClubTiburones\" data-widget-id=\"769691201507164160\">Tweets sobre from:TigresOficial, OR from:ClubTiburones<\/a><br \/>\n<script>!function(d,s,id){var js,fjs=d.getElementsByTagName(s)[0],p=\/^http:\/.test(d.location)?'http':'https';if(!d.getElementById(id)){js=d.createElement(s);js.id=id;js.src=p+\":\/\/platform.twitter.com\/widgets.js\";fjs.parentNode.insertBefore(js,fjs);}}(document,\"script\",\"twitter-wjs\");<\/script><\/p>\n<p><strong><a href=\"http:\/\/futboltotal.com.mx\/equipos\/tigres\/\" target=\"_blank\">Tigres<\/a> vs <a href=\"http:\/\/futboltotal.com.mx\/equipos\/veracruz\/\" target=\"_blank\">Veracruz<\/a><\/strong>, un duelo que tiene un claro favorito, pues los regios llegan a la<strong> jornada 7<\/strong> del <strong>Apertura 2016<\/strong> con la inspiraci\u00f3n de golear al campe\u00f3n Pachuca, mientras que el rival en turno se encuentra en una amargura que pone en duda la continuidad del t\u00e9cnico Pablo Marini.<\/p>\n<p>El Estadio Ol\u00edmpico ser\u00e1 el escenario donde ambas escuadras se midan en punto de las 19:00 horas, ah\u00ed los jarochos tendr\u00e1n que lidiar consigo mismos, pues son sus errores los que provocaron que los partidos se les fuera de las manos y terminaran por dejar escapar puntos vitales en la pelea por la permanencia en el m\u00e1ximo circuito.<\/p>\n<p>\u201cNosotros tenemos cosas para corregir, cosas que tenemos que mejorar m\u00e1s que nada en los segundos tiempos, donde nos viene costando mucho mantener los resultados; siempre los primeros tiempos hacemos las cosas mejor, convertimos goles y despu\u00e9s no podemos mantener el mismo rendimiento\u201d, coment\u00f3 el defensa del <strong>Veracruz<\/strong>, Lucas Rodr\u00edguez, en conferencia de prensa.<\/p>\n<p>Luego de una pobre cuota goleadora, la delantera de <strong>Tigres<\/strong> parece que ya despert\u00f3, sobre todo destaca la pareja que conforman Andr\u00e9-Pierre Gignac e Ismael Sosa, que ilusiona a la afici\u00f3n felina.<\/p>\n<p>\u00bfCu\u00e1l es tu pron\u00f3stico para el <strong>Tigres vs Veracruz<\/strong>, <em>crack<\/em>?<\/p>\n","protected":false},"excerpt":{"rendered":"<p>Los regios siguen sin cumplir las expectativas<\/p>\n","protected":false},"author":20,"featured_media":423046,"comment_status":"closed","ping_status":"closed","sticky":false,"template":"","format":"standard","meta":[],"categories":[2198,3845],"tags":[5973,6049],"_links":{"self":[{"href":"http:\/\/desarrollo.grupomedios.com\/futbol\/wp-json\/wp\/v2\/posts\/421758"}],"collection":[{"href":"http:\/\/desarrollo.grupomedios.com\/futbol\/wp-json\/wp\/v2\/posts"}],"about":[{"href":"http:\/\/desarrollo.grupomedios.com\/futbol\/wp-json\/wp\/v2\/types\/post"}],"author":[{"embeddable":true,"href":"http:\/\/desarrollo.grupomedios.com\/futbol\/wp-json\/wp\/v2\/users\/20"}],"replies":[{"embeddable":true,"href":"http:\/\/desarrollo.grupomedios.com\/futbol\/wp-json\/wp\/v2\/comments?post=421758"}],"version-history":[{"count":0,"href":"http:\/\/desarrollo.grupomedios.com\/futbol\/wp-json\/wp\/v2\/posts\/421758\/revisions"}],"wp:featuredmedia":[{"embeddable":true,"href":"http:\/\/desarrollo.grupomedios.com\/futbol\/wp-json\/wp\/v2\/media\/423046"}],"wp:attachment":[{"href":"http:\/\/desarrollo.grupomedios.com\/futbol\/wp-json\/wp\/v2\/media?parent=421758"}],"wp:term":[{"taxonomy":"category","embeddable":true,"href":"http:\/\/desarrollo.grupomedios.com\/futbol\/wp-json\/wp\/v2\/categories?post=421758"},{"taxonomy":"post_tag","embeddable":true,"href":"http:\/\/desarrollo.grupomedios.com\/futbol\/wp-json\/wp\/v2\/tags?post=421758"}],"curies":[{"name":"wp","href":"https:\/\/api.w.org\/{rel}","templated":true}]}}